{"id":1342,"date":"2025-04-22T17:25:27","date_gmt":"2025-04-22T17:25:27","guid":{"rendered":"https:\/\/reppi.de\/?p=1342"},"modified":"2025-06-10T09:09:56","modified_gmt":"2025-06-10T09:09:56","slug":"usa-alone-again","status":"publish","type":"post","link":"https:\/\/reppi.de\/?p=1342","title":{"rendered":"USA &#8211; ICE cold&#8230;"},"content":{"rendered":"\n<p>&#8222;Houston, wir haben ein Problem!&#8220; &#8211; Es mehren sich markant Vorf\u00e4lle an den Grenzen der USA auch gegen Deutsche Touristen und Reisende. Wenn Du mehr dar\u00fcber erfahren willst, dann klicke WEITER. <\/p>\n\n\n\n<!--more-->\n\n\n\n<p>Dies wird explizit kein USA oder Trump &#8211; Bashing. Es ist vielmehr die Darstellung einer Problematik, wenn mit &#8222;Strengen Kontrollen&#8220; und &#8222;Abschiebungen von Gesocks&#8220; nicht nur Staatsfeinde, Kriminelle und Lichtscheues Gesindel gemeint sind, sondern auch die weltweiten Freunde behandelt werden, wie Schwerverbrecher. Das Ausw\u00e4rtige Amt warnt derweilen: <br><br><a href=\"https:\/\/www.auswaertiges-amt.de\/de\/reiseundsicherheit\/usavereinigtestaatensicherheit-201382\">USA\/Vereinigte Staaten: Reise- und Sicherheitshinweise &#8211; Ausw\u00e4rtiges Amt<\/a><br><a href=\"https:\/\/www.adac.de\/news\/reise-usa-einreise\/\">Einreise in die USA: Ausw\u00e4rtiges Amt versch\u00e4rft Hinweise<\/a><\/p>\n\n\n\n<blockquote class=\"wp-block-quote is-layout-flow wp-block-quote-is-layout-flow\">\n<p><strong>USA-Reisende sind verunsichert: Zuletzt hatten Urlauber und Urlauberinnen aus Deutschland vereinzelt Probleme bei der Einreise. Nun hat das Ausw\u00e4rtige Amt reagiert und seine Hinweise versch\u00e4rft.<\/strong><\/p>\n\n\n\n<ul class=\"wp-block-list\">\n<li><strong>Festnahmen, Abschiebehaft und Abschiebungen<\/strong><\/li>\n\n\n\n<li><strong>ESTA und Visum garantieren nicht automatisch die Einreise<\/strong><\/li>\n\n\n\n<li><strong>Bei Geschlechtseintrag nur &#8222;m\u00e4nnlich&#8220; oder &#8222;weiblich&#8220; m\u00f6glich<\/strong><\/li>\n\n\n\n<li><strong>Keine ESTA f\u00fcr Reisende, die in Kuba waren<\/strong><\/li>\n<\/ul>\n\n\n\n<p>USA-Reisen stehen trotz politischer Unsicherheiten hoch im Kurs: Mehr als zwei Millionen Deutsche sind allein 2024 in die Vereinigten Staaten gereist. Reisende sollten aber penibel darauf achten, alle&nbsp;<strong>Vorgaben zu erf\u00fcllen<\/strong>&nbsp;und auch gegen\u00fcber den Einreisebeamten vollst\u00e4ndige und korrekte Ausk\u00fcnfte zu geben. In j\u00fcngster Zeit ist es vereinzelt zu Festnahmen, Abschiebehaft und Abschiebungen gekommen.<\/p>\n<\/blockquote>\n\n\n\n<div id=\"ez-toc-container\" class=\"ez-toc-v2_0_82_2 counter-hierarchy ez-toc-counter ez-toc-grey ez-toc-container-direction\">\n<div class=\"ez-toc-title-container\">\n<p class=\"ez-toc-title\" style=\"cursor:inherit\">Inhaltsverzeichnis<\/p>\n<span class=\"ez-toc-title-toggle\"><a href=\"#\" class=\"ez-toc-pull-right ez-toc-btn ez-toc-btn-xs ez-toc-btn-default ez-toc-toggle\" aria-label=\"Toggle Table of Content\"><span class=\"ez-toc-js-icon-con\"><span class=\"\"><span class=\"eztoc-hide\" style=\"display:none;\">Toggle<\/span><span class=\"ez-toc-icon-toggle-span\"><svg style=\"fill: #999;color:#999\" xmlns=\"http:\/\/www.w3.org\/2000\/svg\" class=\"list-377408\" width=\"20px\" height=\"20px\" viewBox=\"0 0 24 24\" fill=\"none\"><path d=\"M6 6H4v2h2V6zm14 0H8v2h12V6zM4 11h2v2H4v-2zm16 0H8v2h12v-2zM4 16h2v2H4v-2zm16 0H8v2h12v-2z\" fill=\"currentColor\"><\/path><\/svg><svg style=\"fill: #999;color:#999\" class=\"arrow-unsorted-368013\" xmlns=\"http:\/\/www.w3.org\/2000\/svg\" width=\"10px\" height=\"10px\" viewBox=\"0 0 24 24\" version=\"1.2\" baseProfile=\"tiny\"><path d=\"M18.2 9.3l-6.2-6.3-6.2 6.3c-.2.2-.3.4-.3.7s.1.5.3.7c.2.2.4.3.7.3h11c.3 0 .5-.1.7-.3.2-.2.3-.5.3-.7s-.1-.5-.3-.7zM5.8 14.7l6.2 6.3 6.2-6.3c.2-.2.3-.5.3-.7s-.1-.5-.3-.7c-.2-.2-.4-.3-.7-.3h-11c-.3 0-.5.1-.7.3-.2.2-.3.5-.3.7s.1.5.3.7z\"\/><\/svg><\/span><\/span><\/span><\/a><\/span><\/div>\n<nav><ul class='ez-toc-list ez-toc-list-level-1 ' ><li class='ez-toc-page-1 ez-toc-heading-level-2'><a class=\"ez-toc-link ez-toc-heading-1\" href=\"https:\/\/reppi.de\/?p=1342\/#Auflistung_der_Vorfaelle_und_deren_Auswirkungen_und_Gruende\" >Auflistung der Vorf\u00e4lle und deren Auswirkungen und Gr\u00fcnde<\/a><\/li><li class='ez-toc-page-1 ez-toc-heading-level-2'><a class=\"ez-toc-link ez-toc-heading-2\" href=\"https:\/\/reppi.de\/?p=1342\/#Was_geschieht\" >Was geschieht<\/a><\/li><li class='ez-toc-page-1 ez-toc-heading-level-2'><a class=\"ez-toc-link ez-toc-heading-3\" href=\"https:\/\/reppi.de\/?p=1342\/#Warum\" >Warum?<\/a><\/li><li class='ez-toc-page-1 ez-toc-heading-level-2'><a class=\"ez-toc-link ez-toc-heading-4\" href=\"https:\/\/reppi.de\/?p=1342\/#Detention_Center\" >Detention Center<\/a><\/li><li class='ez-toc-page-1 ez-toc-heading-level-2'><a class=\"ez-toc-link ez-toc-heading-5\" href=\"https:\/\/reppi.de\/?p=1342\/#FAZIT\" >FAZIT<\/a><\/li><\/ul><\/nav><\/div>\n<h2 class=\"wp-block-heading\"><span class=\"ez-toc-section\" id=\"Auflistung_der_Vorfaelle_und_deren_Auswirkungen_und_Gruende\"><\/span>Auflistung der Vorf\u00e4lle und deren Auswirkungen und Gr\u00fcnde<span class=\"ez-toc-section-end\"><\/span><\/h2>\n\n\n\n<figure class=\"wp-block-table\"><table class=\"has-fixed-layout\"><tbody><tr><th>Person(en)<\/th><th>Einreisestatus<\/th><th>Grund f\u00fcr Probleme bei Einreise (vermutet oder angegeben)<\/th><th>Behandlung w\u00e4hrend der Kontrolle\/Haft<\/th><th>Dauer der Inhaftierung\/Verz\u00f6gerung<\/th><th>Ergebnis<\/th><th>Datum des Vorfalls (ungef\u00e4hr)<\/th><th>Quelle<\/th><\/tr><tr><td>Charlotte Pohl (19) &amp; Maria Lep\u00e8re (18)<\/td><td>ESTA<\/td><td>Fehlende durchgehende Buchung von Unterk\u00fcnften f\u00fcr den geplanten 5-w\u00f6chigen Aufenthalt, Verdacht auf illegale Arbeitsaufnahme.<\/td><td>Befragung \u00fcber Stunden, Leibesvisitationen, Unterbringung in einer Zelle mit anderen H\u00e4ftlingen in Gef\u00e4ngniskleidung.<\/td><td>\u00dcber Nacht<\/td><td>Einreise verweigert, abgeschoben.<\/td><td>Mitte M\u00e4rz 2025<\/td><td>Newsweek, Independent, div. deutsche Medien (Berichte ab ca. 21. April 2025)<\/td><\/tr><tr><td>Fabian Schmidt (34)<\/td><td>Green Card<\/td><td>Unklar, Vorfall ereignete sich bei Wiedereinreise aus Luxemburg. Im Kontext versch\u00e4rfter Kontrollen.<\/td><td>Berichte \u00fcber &#8222;vehemente Befragung&#8220;, Entkleidung, kalte Dusche.<\/td><td>L\u00e4ngere Haftdauer (mindestens Tage bis Wochen).<\/td><td>In Haft verblieben (zum Zeitpunkt der Berichterstattung).<\/td><td>Anfang M\u00e4rz 2025<\/td><td>The Brown Daily Herald (Bericht vom 2. April 2025), div. deutsche Medien<\/td><\/tr><tr><td>Jessica Br\u00f6sche (29)<\/td><td>ESTA<\/td><td>Einreise \u00fcber die mexikanische Grenze bei Tijuana; Verdacht auf fr\u00fchere illegale Arbeitsaufnahme (T\u00e4towiererin).<\/td><td>Inhaftierung in einem Abschiebezentrum in Kalifornien, zeitweise Einzelhaft berichtet.<\/td><td>\u00dcber 6 Wochen<\/td><td>Einreise verweigert, inhaftiert, nach Deutschland abgeschoben.<\/td><td>Ab 25. Januar 2025<\/td><td>T-Online, Wsws.org, AP News (Berichte im Februar\/M\u00e4rz 2025)<\/td><\/tr><tr><td>Lucas Sielaff (25)<\/td><td>ESTA<\/td><td>Einreise \u00fcber die mexikanische Grenze; Details unklar, Probleme bei der Grenzkontrolle.<\/td><td>Inhaftierung in einem Abschiebezentrum.<\/td><td>Zwei Wochen<\/td><td>Einreise verweigert, inhaftiert, nach Deutschland abgeschoben.<\/td><td>Ende Februar \/ Anfang M\u00e4rz 2025<\/td><td>Watson.de, AP News (Berichte im M\u00e4rz 2025)<\/td><\/tr><tr><td>Unbenannter deutscher Reisender<\/td><td>Unklar<\/td><td>Einreise \u00fcber die US-Mexikanische Grenze; Details unklar.<\/td><td>In Fesseln gelegt.<\/td><td>Unspezifisch<\/td><td>Abgeschoben.<\/td><td>Nicht genau datiert<\/td><td>Erw\u00e4hnt in allgemeinen Berichten \u00fcber zunehmende Probleme (z.B. Politico.eu Bericht \u00fcber Reisewarnungen)<\/td><\/tr><tr><td>Unbenannter deutscher Reisender<\/td><td>Unklar<\/td><td>Einreiseort Boston; Details unklar.<\/td><td>Inhaftierung in einem Abschiebezentrum.<\/td><td>\u00dcber eine Woche<\/td><td>Inhaftiert.<\/td><td>Nicht genau datiert<\/td><td>Erw\u00e4hnt in allgemeinen Berichten \u00fcber zunehmende Probleme (z.B. Politico.eu Bericht \u00fcber Reisewarnungen)<\/td><\/tr><\/tbody><\/table><figcaption class=\"wp-element-caption\">Vorf\u00e4lle Touristischer Einreisender aus Deutschland in den USA<\/figcaption><\/figure>\n\n\n\n<h2 class=\"wp-block-heading\"><span class=\"ez-toc-section\" id=\"Was_geschieht\"><\/span>Was geschieht<span class=\"ez-toc-section-end\"><\/span><\/h2>\n\n\n\n<p> Die Betroffenen berichten immer wieder \u00fcber nahezu identische Erfahrungen. Diese Erfahrungen werden auch von nichtdeutschen Betroffenen gedeckt. <\/p>\n\n\n\n<ul class=\"wp-block-list\">\n<li>Bei der Einreise in die USA kommt es an der Grenze zu Nachfragen durch Einreisebeamte oftmals wegen vermeintlich &#8222;unkorrekter&#8220; oder auch nur als &#8222;unstimmig&#8220; angenommener Angaben. <\/li>\n\n\n\n<li>Die Betroffenen werden aufgekl\u00e4rt, dass sie nichts verbrochen haben, man sie aber nun dennoch eindringlicher befragen m\u00fcsse. <\/li>\n\n\n\n<li>Oftmals trotz korrekter und g\u00fcltiger Aufenthaltstitel wird die Einreise verweigert und die Betroffenen werden erneut aufgekl\u00e4rt, dass es sich nicht um ein Verbrechen handele, sie aber nicht einreisen d\u00fcrfen. <\/li>\n<\/ul>\n\n\n\n<p>An dieser unterbreche ich mal und schildere MEINE, wie sich sp\u00e4ter herausstellen wird naive Sichtweise dar\u00fcber, was dann geschehen wird. Ich h\u00e4tte nun gedacht, als Betroffener fluche ich mal kurz laut und muss mir auf eigene Kosten ein R\u00fcckflugticket ordern. Ich werde dann ins &#8222;Niemandsland&#8220; des Flughafens gebracht, wo ich nat\u00fcrlich kein Bett vorfinden werde und so all die Stunden bis zum R\u00fcckflug in die Heimat irgendwie verbringen muss. Das w\u00e4re schon unangenehm, oder? Aber das ist bei Weitem nicht das, was derzeitig in den USA Realit\u00e4t ist! Denn es l\u00e4uft &#8211; UND DAS IST KEIN B\u00d6SER APRILSCHERT, oder HORRORFILM &#8211; leider so ab: <\/p>\n\n\n\n<ul class=\"wp-block-list\">\n<li>Die Betroffenen werden durchsucht, inklusive Leibesvisitation. Alles, was sie dabeihaben und ihre Kleidung kommt in einen Sack und sie m\u00fcssen eine gr\u00fcne &#8222;Str\u00e4flingskleidung&#8220; anlegen, nachdem sie &#8222;aus hygienischen Gr\u00fcnden&#8220; oft mit eiskalten Wasser &#8222;gereinigt&#8220; wurden. <\/li>\n\n\n\n<li>Die Betroffenen werden zuerst an der Grenze in eine Zelle gesteckt und es gibt keinerlei Aufkl\u00e4rung dar\u00fcber, was nun geschehen wird. <\/li>\n\n\n\n<li>Es wird den Betroffenen von nun an keinerlei Recht auf Kommunikation mit irgendwem einger\u00e4umt &#8211; Keine Telefonate, keine Nachrichten.<\/li>\n\n\n\n<li>Die Betroffenen werden dann nach Stunden oder Tagen in ein &#8222;Abschiebezentrum&#8220; \u00fcberstellt. <\/li>\n\n\n\n<li>Die Betroffenen berichten auch davon, das Abschiebezentrum mehrfach gewechselt zu haben. <\/li>\n\n\n\n<li>Die Betroffenen m\u00fcssen mit teils schwer kriminellen anderen Abzuschiebenden in einem &#8222;Raum&#8220;, der de Facto eine Massenzelle ist verharren. <\/li>\n\n\n\n<li>Das Essen ist nicht selten verdorben und die hygienischen Umst\u00e4nde sind miserabel<\/li>\n\n\n\n<li>Es wird auf Matratzen auf dem Boden geschlafen, die meistens feucht und schimmlig sein, es ist kalt, die Betroffenen frieren. <\/li>\n\n\n\n<li>Es zirkuliert kaum Luft und es besteht die M\u00f6glichkeit sich mit Krankheiten anzustecken, auch bleibende Sch\u00e4den sind nicht auszuschlie\u00dfen.<\/li>\n\n\n\n<li>Dieser Aufenthalt, ohne einen R\u00fcckflug buchen zu d\u00fcrfen oder auch nur ein Telefonat zu f\u00fchren, h\u00e4lt mindestens einige Tage, in der Regel mehrere Wochen an und ein Satz ist wohl pr\u00e4gend: &#8222;Es geht selten schnell. Oft dauert es Wochen bis Du hier heraus kommst. Bereite Dich mental aber auf MONATE vor&#8230;&#8220;<\/li>\n\n\n\n<li>Am Ende sind es oft mehrere Wochen in denen Deutsche Staatsb\u00fcrger, die keinerlei Verbrechen begangen haben in dieser Abschiebehaft gehalten werden, wobei alle sofort bereit w\u00e4ren einen Flieger in die Heimat zu nehmen, wozu sie aber keinerlei M\u00f6glichkeit erhalten \u00fcber einen ihnen absolut unklaren Zeitraum.<\/li>\n<\/ul>\n\n\n\n<p>Das klingt nach Horrorfilm, nach Fiktion und nicht nach einem Rechtsstaat und selbst wenn die Trump Administration hier &#8222;scharf durchgreifen&#8220; will, so m\u00fcssen wir dennoch feststellen, dass es ja immerhin &#8222;FREUNDE&#8220; betrifft, die so behandelt werden! Es trifft Deutsche und andere Europ\u00e4er ebenso, wie Kanadier und selbst in den USA lebende Greencardinhaber und in selteneren F\u00e4llen sogar US B\u00fcrger selbst. <\/p>\n\n\n\n<p><br>Eine einschl\u00e4gige, aber bei weitem nicht einzige Quelle: <a href=\"https:\/\/www.msn.com\/de-de\/nachrichten\/welt\/wurden-in-ketten-gelegt-kanadierin-schildert-dramatische-szenen-aus-us-abschiebehaft\/ar-AA1BoyJa?ocid=msedgntp&amp;pc=NMTS&amp;cvid=9bd8258429724849a684dd86c7256137&amp;ei=11\">&#8222;Wurden in Ketten gelegt&#8220;: Kanadierin schildert dramatische Szenen aus US-Abschiebehaft<\/a><\/p>\n\n\n\n<h2 class=\"wp-block-heading\"><span class=\"ez-toc-section\" id=\"Warum\"><\/span>Warum? <span class=\"ez-toc-section-end\"><\/span><\/h2>\n\n\n\n<p>Es gibt drei Gr\u00fcnde, warum das Behandeln von Menschen, die eventuell eine &#8222;Sieben&#8220;, also die Zahl &#8222;7&#8220; mit europ\u00e4ischen Strich in der Mitte geschrieben haben oder die sagen, dass sie als Teenager eventuell ihren Trip durch die USA mittels &#8222;Hand gegen Kost und Logie&#8220; finanzieren m\u00f6chten oder, oder, oder&#8230; allesamt Lappalien&#8230; die sich auf drei eklatante Missst\u00e4nde zur\u00fcckf\u00fchren lassen:<\/p>\n\n\n\n<p>ERSTENS: Trump<\/p>\n\n\n\n<p>Trump gab sofort nach seiner Wahl und Vereidigung ein Dekret heraus: &#8222;ZERO TOLERANCE&#8220; an den Grenzen, also eine NULLTOLERANZ Pflicht f\u00fcr die Beamten. Er schuf DOGE und geht alle Beamte scharf an, die auch nur einmal Gnade vor Recht ergehen lassen. <\/p>\n\n\n\n<p>ZWEITENS: DOGE und Angst <\/p>\n\n\n\n<p>Wie in der DDR kontrollieren die Border Control Beamten sich gegenseitig, stetig in Angst, wenn ein kleiner Vorfall nicht geahndet wird, verpfiffen zu werden. So werden auch absolute Bagatellen und Missverst\u00e4ndnisse dazu f\u00fchren, dass die Einreise verweigert wird. Nach dieser Verweigerung ist \u00fcbrigens die Arbeit der Beamten getan&#8230; es \u00fcbernehmen dann wirtschaftlich orientierte Privatunternehmen das Leben der Abzuschiebenden!<\/p>\n\n\n\n<p>DRITTENS: PRIVATE ABSCHIEBEANSTALTEN<\/p>\n\n\n\n<p>Nachdem die Beamten ihre Pflicht getan haben, werden Betroffene nicht etwa staatlich weiter behandelt. Nein: Sie werden an PRIVATE, GEWINNORIENTERTE &#8222;Abschiebezentren&#8220; \u00fcberstellt. Diese werden vom Staat bezahlt und zwar pro Abzuschiebenden und pro Tag! Es liegt also \u00fcberhaupt nicht im Sinne der Abschiebezentrenbetreiber, dass die Betroffenen schnell nach Hause abgeschoben werden! Je l\u00e4nger sie festgehalten werden, desto h\u00f6her der Gewinn!<\/p>\n\n\n\n<p>Dieses Handeln verst\u00f6\u00dft gegen die Menschenrechte und ist rechtstaatlich nicht haltbar. Das interessiert aber die USA nicht die Bohne! Sie k\u00f6nnen es sich erlauben, Deutschland kann ja versuchen mit seiner maroden Armee seine absolut zu Unrecht inhaftierten B\u00fcrger zu befreien. In der Tat muss Deutschland t\u00e4tig werden und zwar diplomatisch, sonst werden aus Gewinnorientierung quasi Inhaftierungen \u00fcber MONATE! <\/p>\n\n\n\n<p>Wie geht das? Nun sehr offiziell wird immer wieder betont, dass du als Abzuschiebender kein Verbrecher bist und du dich NICHT in einem Gef\u00e4ngnis (!) befindest. Denn Haftbedingungen, die sind an bestimmte Regeln gebunden. Ein &#8222;Detention Center&#8220; unter privater F\u00fchrung ist es nicht! <\/p>\n\n\n\n<p>Es gab mal stimmen, wonach solche US-Vergehen ja vor den internationalen Gerichtshof in Den Haag geh\u00f6ren. Nun: Die USA, wie auch Israel erkennen diesen internationalen Gerichtshof NICHT an. Wir wir hier sehen: Aus gutem Grund. So findet sich eben einfach kein Richter f\u00fcr die massiven Menschenrechtsverletzungen. <\/p>\n\n\n\n<p>\u00dcbrigens gibt es dieses Verfahren seit den Terrorakten von 9\/11 &#8211; Also 20 Jahre. Hat uns aber bisher nicht interessiert, da es uns ja nur sehr selten erwischt hat. Jetzt h\u00e4uft es sich, jetzt sind auch Deutsche von diesem alten, amerikanischen Rassismus betroffen und das macht uns betroffen. <\/p>\n\n\n\n<p><\/p>\n\n\n\n<h2 class=\"wp-block-heading\"><span class=\"ez-toc-section\" id=\"Detention_Center\"><\/span>Detention Center<span class=\"ez-toc-section-end\"><\/span><\/h2>\n\n\n\n<p>Detention Center in den USA sind Einrichtungen, die Personen inhaftieren, die auf ihr Gerichtsverfahren warten, wegen geringf\u00fcgiger Vergehen verurteilt wurden oder sich in Abschiebehaft befinden. Diese Zentren k\u00f6nnen von Bundes-, Landes- oder lokalen Beh\u00f6rden betrieben werden, aber auch von privaten Unternehmen. Ein erheblicher Teil der Immigranten in Abschiebehaft wird in privat betriebenen Zentren untergebracht.<\/p>\n\n\n\n<p><strong>Warum kommt es zu Menschenrechtsverletzungen in privaten Detention Centern?<\/strong><\/p>\n\n\n\n<p>Es gibt mehrere Gr\u00fcnde, warum in privat betriebenen Detention Centern in den USA vermehrt Bedenken hinsichtlich der Einhaltung der Menschenrechte bestehen:<\/p>\n\n\n\n<ul class=\"wp-block-list\">\n<li><strong>Gewinnorientierung:<\/strong> Das Hauptziel privater Unternehmen ist die Gewinnmaximierung. Dies kann zu Anreizen f\u00fchren, Kosten zu senken, was sich negativ auf die Bedingungen und die Versorgung der Inhaftierten auswirken kann. Dazu geh\u00f6ren beispielsweise Personalmangel, unzureichende medizinische Versorgung, schlechte Ern\u00e4hrung und mangelnde Hygiene.<\/li>\n\n\n\n<li><strong>Weniger Transparenz und Rechenschaftspflicht:<\/strong> Private Betreiber unterliegen oft weniger staatlicher Aufsicht und Kontrolle als staatliche Einrichtungen. Dies kann es schwieriger machen, Missst\u00e4nde aufzudecken und die Verantwortlichen zur Rechenschaft zu ziehen. Vertr\u00e4ge zwischen der Regierung und privaten Betreibern sind oft nicht vollst\u00e4ndig \u00f6ffentlich einsehbar.<\/li>\n\n\n\n<li><strong>Lobbying und politischer Einfluss:<\/strong> Private Gef\u00e4ngnisbetreiber geben erhebliche Summen f\u00fcr Lobbyarbeit aus, um Gesetze und Richtlinien zu beeinflussen, die ihre Gesch\u00e4ftst\u00e4tigkeit beg\u00fcnstigen. Dies kann zu einer Politik f\u00fchren, die Inhaftierungen f\u00f6rdert und die Rechte der Inhaftierten weniger sch\u00fctzt.<\/li>\n\n\n\n<li><strong>Fehlende oder unzureichende Standards:<\/strong> Obwohl es Standards f\u00fcr Detention Center geben sollte, werden diese in privaten Einrichtungen m\u00f6glicherweise nicht immer konsequent eingehalten oder kontrolliert. Die Motivation, die Standards \u00fcber das absolut Notwendige hinaus zu erf\u00fcllen, ist aufgrund der Kosten m\u00f6glicherweise geringer.<\/li>\n\n\n\n<li><strong>Berichte \u00fcber Misshandlungen und Vernachl\u00e4ssigung:<\/strong> Es gibt zahlreiche Berichte von Menschenrechtsorganisationen und Medien \u00fcber Misshandlungen, unzureichende medizinische Versorgung, exzessive Anwendung von Einzelhaft und andere unmenschliche Bedingungen in privaten Detention Centern.<\/li>\n<\/ul>\n\n\n\n<p><strong>Betreiber privater Detention Center:<\/strong><\/p>\n\n\n\n<p>Zu den gr\u00f6\u00dften privaten Betreibern von Detention Centern in den USA geh\u00f6ren:<\/p>\n\n\n\n<ul class=\"wp-block-list\">\n<li><strong>The GEO Group:<\/strong> Ein weltweit t\u00e4tiges Unternehmen, das eine Vielzahl von Haft- und Betreuungseinrichtungen betreibt, darunter viele Immigrations-Detention Center f\u00fcr U.S. Immigration and Customs Enforcement (ICE).<\/li>\n\n\n\n<li><strong>CoreCivic (ehemals Corrections Corporation of America):<\/strong> Ein weiteres gro\u00dfes Unternehmen, das sowohl Korrektur- als auch Detention Center in den Vereinigten Staaten betreibt.<\/li>\n<\/ul>\n\n\n\n<p>Diese Unternehmen haben in der Vergangenheit von Vertr\u00e4gen mit Bundes- und Landesbeh\u00f6rden profitiert, insbesondere im Bereich der Immigrationshaft. Kritiker argumentieren, dass ihre Gewinninteressen oft \u00fcber dem Wohlergehen und den Rechten der inhaftierten Personen stehen.<\/p>\n\n\n\n<h2 class=\"wp-block-heading\"><span class=\"ez-toc-section\" id=\"FAZIT\"><\/span>FAZIT<span class=\"ez-toc-section-end\"><\/span><\/h2>\n\n\n\n<p>Eine pers\u00f6nliche Risikoanalyse hat ergeben, dass ich gerne mal etwas unkonzentriert irgendwelche Formulare ausf\u00fclle. Mein Englisch ist nicht auf Muttersprachenniveau und meine Ausdrucksweise leitet sich von meiner Haltung ab, was im Konflikt mit US Beh\u00f6rden alles unangebracht sein kann. Mein Risiko durch eine unbedachte Aussage, die falsch aufgefasst wird oder etwa einen Formfehler, wie die SIEBEN wie in Deutschland \u00fcblich mit einem STRICH zu versehen (was in den USA ein Durchstreichen bedeutet&#8230;) ist zu riskant, da ich im Worst Case MONATE Lebenszeit zu verlieren habe, mir in den hygienisch und humanistisch extrem defizit\u00e4ren &#8222;Detention Centern&#8220; seelisch und k\u00f6rperlich bleibende Sch\u00e4den zuziehen k\u00f6nnte &#8211; NEIN! <\/p>\n\n\n\n<p>Auch die Aussage, dass man als Fremder Tourist ja kein Recht hat die USA zu besuchen, sondern der Pr\u00e4sident selbst dies zu einem &#8222;Privileg&#8220; erkl\u00e4rt, wobei er die unrechten Zust\u00e4nde in den Centern sehr billigend als Abschreckung in Kauf nimmt &#8211; Diese USA im Moment haben uns die Freundschaft gek\u00fcndigt und sie spielen lieber mit ihren neuen Freunden: Putin, Kim J. Un, Netanyahu und Co. Das sagt viel dar\u00fcber aus, auf welchem Weg sich die USA gerade aufmachen. Die Wortwahl des US Pr\u00e4sidenten den wirklichen Freunden der USA gegen\u00fcber, ist voller Hass und auf seinen Rachefeldzug geraten all die duften Menschen in den USA, die ehrlich und geradeaus ihr Leben leben, unter die R\u00e4der. <\/p>\n\n\n\n<p>Der pers\u00f6nliche Hassfeldzug Trumps kostet den USA im Prinzip alles: Den Platz eins der Wirtschaftsm\u00e4chte, die Rechtstaatlichkeit und den Status als Reiseland, in das man gerne reist. Am Ende macht Trump &#8222;Amerika not great again&#8220;&#8230; Trump macht die USA very alone again&#8230; <\/p>\n","protected":false},"excerpt":{"rendered":"<p>&#8222;Houston, wir haben ein Problem!&#8220; &#8211; Es mehren sich markant Vorf\u00e4lle an den Grenzen der USA auch gegen Deutsche Touristen und Reisende. Wenn Du mehr dar\u00fcber erfahren willst, dann klicke WEITER.<\/p>\n","protected":false},"author":1,"featured_media":1343,"comment_status":"closed","ping_status":"closed","sticky":false,"template":"","format":"standard","meta":{"_kadence_starter_templates_imported_post":false,"_kad_post_transparent":"","_kad_post_title":"","_kad_post_layout":"","_kad_post_sidebar_id":"","_kad_post_content_style":"","_kad_post_vertical_padding":"","_kad_post_feature":"","_kad_post_feature_position":"","_kad_post_header":false,"_kad_post_footer":false,"_kad_post_classname":"","footnotes":""},"categories":[1],"tags":[],"class_list":["post-1342","post","type-post","status-publish","format-standard","has-post-thumbnail","hentry","category-uncategorized"],"_links":{"self":[{"href":"https:\/\/reppi.de\/index.php?rest_route=\/wp\/v2\/posts\/1342"}],"collection":[{"href":"https:\/\/reppi.de\/index.php?rest_route=\/wp\/v2\/posts"}],"about":[{"href":"https:\/\/reppi.de\/index.php?rest_route=\/wp\/v2\/types\/post"}],"author":[{"embeddable":true,"href":"https:\/\/reppi.de\/index.php?rest_route=\/wp\/v2\/users\/1"}],"replies":[{"embeddable":true,"href":"https:\/\/reppi.de\/index.php?rest_route=%2Fwp%2Fv2%2Fcomments&post=1342"}],"version-history":[{"count":6,"href":"https:\/\/reppi.de\/index.php?rest_route=\/wp\/v2\/posts\/1342\/revisions"}],"predecessor-version":[{"id":1419,"href":"https:\/\/reppi.de\/index.php?rest_route=\/wp\/v2\/posts\/1342\/revisions\/1419"}],"wp:featuredmedia":[{"embeddable":true,"href":"https:\/\/reppi.de\/index.php?rest_route=\/wp\/v2\/media\/1343"}],"wp:attachment":[{"href":"https:\/\/reppi.de\/index.php?rest_route=%2Fwp%2Fv2%2Fmedia&parent=1342"}],"wp:term":[{"taxonomy":"category","embeddable":true,"href":"https:\/\/reppi.de\/index.php?rest_route=%2Fwp%2Fv2%2Fcategories&post=1342"},{"taxonomy":"post_tag","embeddable":true,"href":"https:\/\/reppi.de\/index.php?rest_route=%2Fwp%2Fv2%2Ftags&post=1342"}],"curies":[{"name":"wp","href":"https:\/\/api.w.org\/{rel}","templated":true}]}}