{"id":1477,"date":"2025-08-27T10:49:00","date_gmt":"2025-08-27T10:49:00","guid":{"rendered":"https:\/\/reppi.de\/?p=1477"},"modified":"2025-08-27T10:52:49","modified_gmt":"2025-08-27T10:52:49","slug":"eine-lanze-brechen-fuer-den-journalismus","status":"publish","type":"post","link":"https:\/\/reppi.de\/?p=1477","title":{"rendered":"Eine Lanze brechen f\u00fcr den Journalismus"},"content":{"rendered":"\n<p>Oft gescholten und dennoch muss ich eine Lanze f\u00fcr guten Journalismus brechen! Viele Menschen k\u00f6nnen sch\u00f6ne, gute und informative Texte schreiben und auch aktuelle Geschehnisse kommentieren &#8211; Aber was Journalismus ausmacht, mag ich hier kurz erz\u00e4hlen. <\/p>\n\n\n\n<!--more-->\n\n\n\n<p>Auch hier des Disclaimer: Dies ist keine Beratung, Schulung oder irgendwas. Es sind Erg\u00fcsse zu einem Thema, die anregen sollen selbst nachzudenken und eigene Schl\u00fcsse zu ziehen. <\/p>\n\n\n\n<p>Nicht jeder, aber doch recht viele k\u00f6nnen sch\u00f6ne Texte schreiben, oder informative Texte. Sogar manch Kolumne w\u00fcrde man sich zutrauen. Nur wie realit\u00e4tsfern ist das am Ende? Denn es gibt nat\u00fcrlich einen Punkt, den die meisten vergessen: Das Studium &#8222;Journalismus&#8220;. <\/p>\n\n\n\n<p>Es gibt in diesem Studium eine geballte Ladung Wissen: <\/p>\n\n\n\n<p>Im Ersten Teil lernen die Studenten (ne, soweit, dass ich jetzt gendere geht es hier dann doch nicht!) Grundlagen \u00fcber Interviews, Recherche, Das Texten und Gestalten sowie Grundlagen der Projektarbeit. Nebenbei gibt es noch Kummonikationswissenschaftliche F\u00e4cher: Mediensystematik, Kommunikationsforschung, etc. Hier ist noch iffen, in welche Richtung es sp\u00e4ter gehen soll: Funk, Fernsehen, Digitale Medien, etc&#8230; <\/p>\n\n\n\n<p>Dann geht es weiter mit einem Praktikum. <\/p>\n\n\n\n<p>An schlie\u00dfend findet die Spezialisierung statt auf ein Themengebiet, z.B. Digitale Medien. <\/p>\n\n\n\n<p>Abgeschlossen wird das Ganze dann durch eine Bachelorarbeit und wer mag, kann darauf auch einen Master aufsetzen. <\/p>\n\n\n\n<p>Ja, wenn die F\u00e4cher einem liegen, ist das ein recht freies Studium. Aber wir wollen hier nicht die &#8222;Beh\u00fcrdung&#8220; bewerten , also ob das eher einfach ist, so einen Abschluss zu erhalten. <\/p>\n\n\n\n<p>Es geht ums Prinzip und da ist es nunmal so, egal was man sp\u00e4ter auch draus macht: Prinzipiell bietet diese Ausbildung einen klaren Vorteil, der die Qualit\u00e4t von Inhalten ma\u00dfgeblich \u00fcber die eines Laien hinaus bringen kann: <\/p>\n\n\n\n<p>Es werden Inhalte systematisch erfasst, beurteilt und vor allem durch Methoden betrachtet, die geeignet sind diese Inhalte auf Wahrheit, Akzeptanz und Realit\u00e4tn\u00e4he hin zu untersuchen. <\/p>\n\n\n\n<p>Ein St\u00fcckchen Lanze hat der Ritter nat\u00fcrlich noch in der Hand, denn gute Grundlagen sind hinreichend gute Inhalte zu generieren &#8211; Sie sind aber nicht gen\u00fcgend! Der Vorsprung kann sogar komplett aufgefressen werden, wenn eine pers\u00f6nliche &#8222;Blendung&#8220; vorliegt, also ein BIAS. Dann kommt es gerne zu Zirkelschl\u00fcssen und am Ende wird eine falsche Erkenntnis als der Weisheit letzter Schluss postuliert, weil nicht sein kann, was nicht sein darf. Das sehen wir seit geraumer Zeit vermehrt. <\/p>\n\n\n\n<p>Auch k\u00f6nnen die Grundlagen nat\u00fcrlich sch\u00e4dlich genutzt werden. Man wei\u00df ja schlie\u00dflich, wie Daten aufzubereiten sind und was man wie weglassen muss, um nicht zu l\u00fcgen, aber dennoch den Schluss in eine entsprechende Richtung zu lenken. <\/p>\n\n\n\n<p>Dies alles ist jedoch ein Wenn-und-Aber-Spiel! Denn Fakt ist, dass niemand von nicht geschulten Journalisten diese systematischen Grundlagen nicht besitzen und so zwar im besten Wissen und hoffentlich auch Gewissen handeln, wenn sie Texte ver\u00f6ffentlichen &#8211; Nur gibt es halt bei uns &#8222;Amateuren&#8220; notwendigerweise Richtigstellungen und auch den einen oder anderen Widerspruch. Man k\u00f6nnte auch sagen, was ideologischen Journalisten und teilweise absichtlich unterjubeln passiert dem Amateur leider zuf\u00e4llig. Das Gemeine: Der Profi ist durch unsere Verfassung besonders gesch\u00fctzt. Auch wenn er absichtlich handelt, so besch\u00e4digt dies maximal seine Reputation. Wenn ein Laie sich \u00f6ffentlich \u00e4u\u00dfert, so ist er nicht als Presseorgan gesch\u00fctzt, sondern lediglich durch das Grundrecht auf freie Meinungs\u00e4u\u00dferung und dieses wird stets vor Gerichten gegen andere Grundrechte bzgl. der Pers\u00f6nlichkeit abgewogen. Das Presserecht einzuschr\u00e4nken ist dabei ein nahezu unm\u00f6gliches Unterfangen. <\/p>\n\n\n\n<p>Wir Laien jedoch m\u00fcssen vorsichtig sein und auch das Erwerben einer dubiosen &#8222;Pressekarte&#8220; macht uns noch lange nicht zum Profi mit dem besonderen Schutz. Ein anderes Beispiel aus anderer Ecke: Neben der Presse, ist auch die Kunst besonders gesch\u00fctzt. Som kommt es, dass bei absolut gleichwertiger H\u00e4rte der Aussagen ein B\u00f6hmermann mit mehreren hunderttausend Euro entlohnt weiterhin sein Gift im \u00d6RR verspr\u00fchen kann und ein &#8222;Love Priest&#8220;, alias Tim Kellner muss eine Strafe bezahlen. Die Inhalte sind auf beiden Seiten hart und sto\u00dfen regelm\u00e4\u00dfig mit den Pers\u00f6nlichkeitsrechten dritter zusammen. Der redputierte Profi hat jedoch von vorn herein einen Bonus, w\u00e4hrend ein sich selbst aufgebauter Youtube-K\u00fcnstler hingegen in der Beweispflicht scheint. <\/p>\n\n\n\n<p>Somit kann ich, falls einer von Euch mal in die Lage kommt und einen Skandal aufdecken will, eigentlich nur davon abraten dies auf eigene Kappe \u00f6ffentlich zu tun. Wenn ihr euch an einen reputierten Journalisten wendet, f\u00fcr jede politische Ecke gibt es ja bestimmte Ansprechpartner, so steht Ihr unter Quellenschutz und der Journalist ist als Profi unter sehr harten Schutz unserer Verfassung, selbst wenn er irren sollte. Ja, es kann den einen oder anderen Laien zu Ruhm verhelfen selbst aktiv zu werden, die allermeisten F\u00e4lle werden jedoch darin enden, dass ihr bankrott geklagt werdet von den Anw\u00e4lten der Macht, die ihr als kleine Privatperson angreifen wollt. Ein gutes Beispiel gibt es immer wieder aus der Musikindustrie, die da einen Kurs f\u00e4hrt auch Unrecht einzuklagen. <\/p>\n\n\n\n<p><\/p>\n","protected":false},"excerpt":{"rendered":"<p>Oft gescholten und dennoch muss ich eine Lanze f\u00fcr guten Journalismus brechen! Viele Menschen k\u00f6nnen sch\u00f6ne, gute und informative Texte schreiben und auch aktuelle Geschehnisse kommentieren &#8211; Aber was Journalismus ausmacht, mag ich hier kurz erz\u00e4hlen.<\/p>\n","protected":false},"author":1,"featured_media":1478,"comment_status":"closed","ping_status":"closed","sticky":false,"template":"","format":"standard","meta":{"_kadence_starter_templates_imported_post":false,"_kad_post_transparent":"","_kad_post_title":"","_kad_post_layout":"","_kad_post_sidebar_id":"","_kad_post_content_style":"","_kad_post_vertical_padding":"","_kad_post_feature":"","_kad_post_feature_position":"","_kad_post_header":false,"_kad_post_footer":false,"_kad_post_classname":"","footnotes":""},"categories":[18,43],"tags":[],"class_list":["post-1477","post","type-post","status-publish","format-standard","has-post-thumbnail","hentry","category-gesellschaft","category-mensch-und-gesellschaft"],"_links":{"self":[{"href":"https:\/\/reppi.de\/index.php?rest_route=\/wp\/v2\/posts\/1477"}],"collection":[{"href":"https:\/\/reppi.de\/index.php?rest_route=\/wp\/v2\/posts"}],"about":[{"href":"https:\/\/reppi.de\/index.php?rest_route=\/wp\/v2\/types\/post"}],"author":[{"embeddable":true,"href":"https:\/\/reppi.de\/index.php?rest_route=\/wp\/v2\/users\/1"}],"replies":[{"embeddable":true,"href":"https:\/\/reppi.de\/index.php?rest_route=%2Fwp%2Fv2%2Fcomments&post=1477"}],"version-history":[{"count":3,"href":"https:\/\/reppi.de\/index.php?rest_route=\/wp\/v2\/posts\/1477\/revisions"}],"predecessor-version":[{"id":1482,"href":"https:\/\/reppi.de\/index.php?rest_route=\/wp\/v2\/posts\/1477\/revisions\/1482"}],"wp:featuredmedia":[{"embeddable":true,"href":"https:\/\/reppi.de\/index.php?rest_route=\/wp\/v2\/media\/1478"}],"wp:attachment":[{"href":"https:\/\/reppi.de\/index.php?rest_route=%2Fwp%2Fv2%2Fmedia&parent=1477"}],"wp:term":[{"taxonomy":"category","embeddable":true,"href":"https:\/\/reppi.de\/index.php?rest_route=%2Fwp%2Fv2%2Fcategories&post=1477"},{"taxonomy":"post_tag","embeddable":true,"href":"https:\/\/reppi.de\/index.php?rest_route=%2Fwp%2Fv2%2Ftags&post=1477"}],"curies":[{"name":"wp","href":"https:\/\/api.w.org\/{rel}","templated":true}]}}