



{"id":212,"date":"2018-07-31T09:51:31","date_gmt":"2018-07-31T09:51:31","guid":{"rendered":"http:\/\/wp.reppi.de\/?p=212"},"modified":"2024-01-23T09:35:38","modified_gmt":"2024-01-23T09:35:38","slug":"schwerin","status":"publish","type":"post","link":"https:\/\/reppi.de\/?p=212","title":{"rendered":"Schwerin"},"content":{"rendered":"<p>Sightseeing in Schwerin:<br \/>\n<link rel='stylesheet' id='osm-ol3-css-css' href='https:\/\/reppi.de\/wp-content\/plugins\/osm\/js\/OL\/10.9.0\/ol.css?ver=6.6.1' media='all' \/>\n<link rel='stylesheet' id='osm-ol3-ext-css-css' href='https:\/\/reppi.de\/wp-content\/plugins\/osm\/css\/osm_map_v3.css?ver=6.6.1' media='all' \/>\n<link rel='stylesheet' id='osm-map-css-css' href='https:\/\/reppi.de\/wp-content\/plugins\/osm\/css\/osm_map.css?ver=6.6.1' media='all' \/>\n<script src=\"https:\/\/reppi.de\/wp-includes\/js\/dist\/vendor\/wp-polyfill.min.js?ver=3.15.0\" id=\"wp-polyfill-js\"><\/script>\n<script src=\"https:\/\/reppi.de\/wp-content\/plugins\/osm\/js\/OL\/10.9.0\/ol.js?ver=10.9.0\" id=\"osm-ol3-library-js\"><\/script>\n<script src=\"https:\/\/reppi.de\/wp-content\/plugins\/osm\/js\/osm-v3-plugin-lib.js?ver=1.0.0\" id=\"osm-ol3-ext-library-js\"><\/script>\n<script src=\"https:\/\/reppi.de\/wp-content\/plugins\/osm\/js\/osm-metabox-events.js?ver=1.0.0\" id=\"osm-ol3-metabox-events-js\"><\/script>\n<script src=\"https:\/\/reppi.de\/wp-includes\/js\/jquery\/jquery.min.js?ver=3.7.1\" id=\"jquery-core-js\"><\/script>\n<script src=\"https:\/\/reppi.de\/wp-includes\/js\/jquery\/jquery-migrate.min.js?ver=3.4.1\" id=\"jquery-migrate-js\"><\/script>\n<script id=\"osm-map-startup-js-extra\">\nvar translations = {\"openlayer\":\"open layer\",\"openlayerAtStartup\":\"open layer at startup\",\"generateLink\":\"link to this map with opened layers\",\"shortDescription\":\"short description\",\"generatedShortCode\":\"to get a text control link paste this code in your wordpress editor\",\"closeLayer\":\"close layer\",\"cantGenerateLink\":\"put this string in the existing map short code to control this map\"};\n<\/script>\n<script src=\"https:\/\/reppi.de\/wp-content\/plugins\/osm\/js\/osm-startup-lib.js?ver=V6.2.5\" id=\"osm-map-startup-js\"><\/script>\n\n        <div id=\"map_ol3js_1\"\n       class=\"osm-map-container undefined\"\n             data-map_name=\"undefined\"\n             data-map=\"map_ol3js_1\"\n             data-autoshow=\"no\"\n             style=\"width:100%;\n                    max-width:100%;\n                    height:450px;\n                    display:block;\n                    overflow:hidden;\n                    border:thin solid blue;\n                    position: relative;\">\n          <div id=\"map_ol3js_1_popup\" class=\"ol-popup\">\n            <a href=\"#\" id=\"map_ol3js_1_popup-closer\" class=\"ol-popup-closer\"><\/a>\n            <div id=\"map_ol3js_1_popup-content\"><\/div>\n          <\/div>\n        <\/div>\n    <script type=\"text\/javascript\">\n\t\t\t  vectorM['map_ol3js_1'] = [];\n\t        \n        var raster = getTileLayer(\"osm\",\"NoKey\");\t\t\t\n\n\t\t\t  var map_ol3js_1 = new ol.Map({\n\t\t\t\tinteractions: ol.interaction.defaults.defaults({mouseWheelZoom:false}),\n\t\t\t\tlayers: [raster],\n\t\t\t\ttarget: \"map_ol3js_1\",\n\t\t\t\tview: new ol.View({\n\t\t\t\t  center: ol.proj.transform([11.4176,53.6204], \"EPSG:4326\", \"EPSG:3857\"),\n\t\t\t\t  zoom: 14\n\t\t\t\t})\n\t\t\t  });\n\t\t\t  osm_addMarkerLayer(map_ol3js_1,11.4185,53.6245,\"https:\/\/reppi.de\/wp-content\/plugins\/osm\/icons\/mic_black_camera_01.png\",-16,-41,\"  <\/a><br>\") ; \nosm_addMarkerLayer(map_ol3js_1,11.4195,53.6262,\"https:\/\/reppi.de\/wp-content\/plugins\/osm\/icons\/mic_brown_parking_01.png\",-16,-41,\"  <\/a><br>\") ; \naddControls2Map(map_ol3js_1,0,0,3,1,5,6,7,0,1);\nosm_addPopupClickhandler(map_ol3js_1,  \"map_ol3js_1\"); \nosm_addMouseHover(map_ol3js_1); <\/script><\/p>\n<p>Lohnenswert ist auf jeden Fall die Besichtigung des Schweriner Schlosses mit seinem Schlossgarten, der Orangerie mit Grotte und dem Schlossgarten.<\/p>\n<p><img loading=\"lazy\" decoding=\"async\" class=\"aligncenter wp-image-644 size-full\" src=\"https:\/\/reppi.de\/wp-content\/uploads\/2018\/07\/image-1.png\" alt=\"\" width=\"682\" height=\"1024\" srcset=\"https:\/\/reppi.de\/wp-content\/uploads\/2018\/07\/image-1.png 682w, https:\/\/reppi.de\/wp-content\/uploads\/2018\/07\/image-1-200x300.png 200w\" sizes=\"(max-width: 682px) 100vw, 682px\" \/><\/p>\n<p>Schwerin ist als Landeshauptstadt Mecklenburg Vorpommerns gleichzeitig Sitz des Parlamentes: Der Landtag residiert standesgem\u00e4\u00df im Schloss Schwerin. Dieser Umstand ist, einmalig in Deutschland, in der Landesverfassung festgeschrieben.<\/p>\n<p>Im Jahre 965 wurde eine slawische Hauptfestung dort errichtet, wo sich heute die &#8222;Schlossinsel&#8220; befindet. Im Jahre 1160 wurden die slawischen Gebiete vom Feldherrn &#8222;Heinrich des L\u00f6wen&#8220; erobert und die Burg durch die Obotriten vor ihrer Flucht zerst\u00f6rt. Heinrich der L\u00f6we erkannte aber die strategisch wertvolle Lage und setzte Gunzelin von Hagen als Lehnsherren der just neu gegr\u00fcndete Stadt Schwerin ein.<\/p>\n<p>Im Laufe der sich rasant in Punkto &#8222;Bauprunk&#8220; entwickelnden Neuzeit ab dem 15. Jahrhundert, fand immer mehr Prunk seine Platz in der l\u00e4ngst nicht mehr auf die Schlo\u00dfinsel begrenzten Residenz: Sie wurde fortan zum Sitz der Herz\u00f6ge und sp\u00e4ter auch Gro\u00dfherz\u00f6ge von Mecklenburg Schwerin. Zum Schloss und somit heutigen \u00c4u\u00dferen baute die Anlage Gro\u00dfherzog Friedrich Franz der II. in den Jahren 1845 bis ca. 1857 um, nachdem sein Vorg\u00e4nger \u00fcberraschend verstarb. Es ist dem M\u00fchen des Hofbaumeisters Demmler zu verdanken, dass die aus den 16. und 17. Jahrhundert stammenden Bauten auf der Seeseite nicht umgestaltet, sondern weitestgehend geschont wurden.<\/p>\n<p>Das Schloss Schwerin ist aktuell einer der neun deutschen Bewerber f\u00fcr die UNESCO Welterbeliste und dies wird am Schloss auch flei\u00dfig beworben. Die Chancen stehen nicht schlecht, denn die Residenz mit seinem Anwesen geh\u00f6ren zu den beeindruckenderen Kulturg\u00fctern, die Deutschland zu bieten hat.<\/p>\n<div id=\"ez-toc-container\" class=\"ez-toc-v2_0_82_2 counter-hierarchy ez-toc-counter ez-toc-grey ez-toc-container-direction\">\n<div class=\"ez-toc-title-container\">\n<p class=\"ez-toc-title\" style=\"cursor:inherit\">Inhaltsverzeichnis<\/p>\n<span class=\"ez-toc-title-toggle\"><a href=\"#\" class=\"ez-toc-pull-right ez-toc-btn ez-toc-btn-xs ez-toc-btn-default ez-toc-toggle\" aria-label=\"Toggle Table of Content\"><span class=\"ez-toc-js-icon-con\"><span class=\"\"><span class=\"eztoc-hide\" style=\"display:none;\">Toggle<\/span><span class=\"ez-toc-icon-toggle-span\"><svg style=\"fill: #999;color:#999\" xmlns=\"http:\/\/www.w3.org\/2000\/svg\" class=\"list-377408\" width=\"20px\" height=\"20px\" viewBox=\"0 0 24 24\" fill=\"none\"><path d=\"M6 6H4v2h2V6zm14 0H8v2h12V6zM4 11h2v2H4v-2zm16 0H8v2h12v-2zM4 16h2v2H4v-2zm16 0H8v2h12v-2z\" fill=\"currentColor\"><\/path><\/svg><svg style=\"fill: #999;color:#999\" class=\"arrow-unsorted-368013\" xmlns=\"http:\/\/www.w3.org\/2000\/svg\" width=\"10px\" height=\"10px\" viewBox=\"0 0 24 24\" version=\"1.2\" baseProfile=\"tiny\"><path d=\"M18.2 9.3l-6.2-6.3-6.2 6.3c-.2.2-.3.4-.3.7s.1.5.3.7c.2.2.4.3.7.3h11c.3 0 .5-.1.7-.3.2-.2.3-.5.3-.7s-.1-.5-.3-.7zM5.8 14.7l6.2 6.3 6.2-6.3c.2-.2.3-.5.3-.7s-.1-.5-.3-.7c-.2-.2-.4-.3-.7-.3h-11c-.3 0-.5.1-.7.3-.2.2-.3.5-.3.7s.1.5.3.7z\"\/><\/svg><\/span><\/span><\/span><\/a><\/span><\/div>\n<nav><ul class='ez-toc-list ez-toc-list-level-1 ' ><li class='ez-toc-page-1 ez-toc-heading-level-3'><a class=\"ez-toc-link ez-toc-heading-1\" href=\"https:\/\/reppi.de\/?p=212\/#Motorradparkplaetze\" >Motorradparkpl\u00e4tze:<\/a><\/li><li class='ez-toc-page-1 ez-toc-heading-level-3'><a class=\"ez-toc-link ez-toc-heading-2\" href=\"https:\/\/reppi.de\/?p=212\/#Schlossfuehrungen\" >Schlossf\u00fchrungen<\/a><\/li><\/ul><\/nav><\/div>\n<h3><span class=\"ez-toc-section\" id=\"Motorradparkplaetze\"><\/span>Motorradparkpl\u00e4tze:<span class=\"ez-toc-section-end\"><\/span><\/h3>\n<p>Direkt vor den Anleger der &#8222;Wei\u00dfen Flotte&#8220; Schwerin befinden sich diverse Moppedparkpl\u00e4tze (Karte: &#8222;P&#8220;-POI). Das Schloss ist von dort aus nicht all zu weit entfernt und auch mit Tourbekleidung bequem zu erreichen.<\/p>\n<h3><span class=\"ez-toc-section\" id=\"Schlossfuehrungen\"><\/span>Schlossf\u00fchrungen<span class=\"ez-toc-section-end\"><\/span><\/h3>\n<h4>Preise:<\/h4>\n<p>Eintritt 8,50\u20ac plus 3\u20ac f\u00fcr die F\u00fchrung<\/p>\n<p><strong>Sommersaison<\/strong><\/p>\n<p>ab 16. April\/ Mai\/Juni<br \/>\nDi-So 11 Uhr und 13.30 Uhr<br \/>\nSa und So 11 Uhr, 13.30 Uhr und 15 Uhr<\/p>\n<p>Juli\/August<br \/>\nDi-So 11 Uhr, 12 Uhr, 13.30 Uhr und 15 Uhr<\/p>\n<p><strong>Nebensaison und Winter<br \/>\n<\/strong>September bis 15. Oktober<br \/>\nDi-So 11 Uhr und 13.30 Uhr<\/p>\n<p>Oktober bis 15. April<br \/>\nDi-Fr 11.30;\u00a0 Sa und So 11.30 Uhr und 13.30 Uhr<\/p>\n<p>&nbsp;<\/p>\n","protected":false},"excerpt":{"rendered":"<p>Sightseeing in Schwerin: Lohnenswert ist auf jeden Fall die Besichtigung des Schweriner Schlosses mit seinem Schlossgarten, der Orangerie mit Grotte und dem Schlossgarten. Schwerin ist als Landeshauptstadt Mecklenburg Vorpommerns gleichzeitig Sitz des Parlamentes: Der Landtag residiert standesgem\u00e4\u00df im Schloss Schwerin. Dieser Umstand ist, einmalig in Deutschland, in der Landesverfassung festgeschrieben. Im Jahre 965 wurde eine&#8230;<\/p>\n","protected":false},"author":2,"featured_media":222,"comment_status":"open","ping_status":"open","sticky":false,"template":"","format":"image","meta":{"_kadence_starter_templates_imported_post":false,"_kad_post_transparent":"","_kad_post_title":"","_kad_post_layout":"","_kad_post_sidebar_id":"","_kad_post_content_style":"","_kad_post_vertical_padding":"","_kad_post_feature":"","_kad_post_feature_position":"","_kad_post_header":false,"_kad_post_footer":false,"_kad_post_classname":"","footnotes":""},"categories":[2,19,10],"tags":[29,30,31,32,33],"class_list":["post-212","post","type-post","status-publish","format-image","has-post-thumbnail","hentry","category-alles","category-roadtripdl","category-staedtetour-roadtrip","tag-mecklenburg-vorpommern","tag-schloss","tag-schloesser","tag-schwerin","tag-sehenswuerdigkeiten","post_format-post-format-image"],"_links":{"self":[{"href":"https:\/\/reppi.de\/index.php?rest_route=\/wp\/v2\/posts\/212"}],"collection":[{"href":"https:\/\/reppi.de\/index.php?rest_route=\/wp\/v2\/posts"}],"about":[{"href":"https:\/\/reppi.de\/index.php?rest_route=\/wp\/v2\/types\/post"}],"author":[{"embeddable":true,"href":"https:\/\/reppi.de\/index.php?rest_route=\/wp\/v2\/users\/2"}],"replies":[{"embeddable":true,"href":"https:\/\/reppi.de\/index.php?rest_route=%2Fwp%2Fv2%2Fcomments&post=212"}],"version-history":[{"count":1,"href":"https:\/\/reppi.de\/index.php?rest_route=\/wp\/v2\/posts\/212\/revisions"}],"predecessor-version":[{"id":645,"href":"https:\/\/reppi.de\/index.php?rest_route=\/wp\/v2\/posts\/212\/revisions\/645"}],"wp:featuredmedia":[{"embeddable":true,"href":"https:\/\/reppi.de\/index.php?rest_route=\/"}],"wp:attachment":[{"href":"https:\/\/reppi.de\/index.php?rest_route=%2Fwp%2Fv2%2Fmedia&parent=212"}],"wp:term":[{"taxonomy":"category","embeddable":true,"href":"https:\/\/reppi.de\/index.php?rest_route=%2Fwp%2Fv2%2Fcategories&post=212"},{"taxonomy":"post_tag","embeddable":true,"href":"https:\/\/reppi.de\/index.php?rest_route=%2Fwp%2Fv2%2Ftags&post=212"}],"curies":[{"name":"wp","href":"https:\/\/api.w.org\/{rel}","templated":true}]}}