



{"id":281,"date":"2018-07-31T20:27:34","date_gmt":"2018-07-31T20:27:34","guid":{"rendered":"http:\/\/wp.reppi.de\/?p=281"},"modified":"2024-01-23T09:33:47","modified_gmt":"2024-01-23T09:33:47","slug":"kloster-druebeck","status":"publish","type":"post","link":"https:\/\/reppi.de\/?p=281","title":{"rendered":"Kloster Dr\u00fcbeck"},"content":{"rendered":"<div id=\"ez-toc-container\" class=\"ez-toc-v2_0_82_2 counter-hierarchy ez-toc-counter ez-toc-grey ez-toc-container-direction\">\n<div class=\"ez-toc-title-container\">\n<p class=\"ez-toc-title\" style=\"cursor:inherit\">Inhaltsverzeichnis<\/p>\n<span class=\"ez-toc-title-toggle\"><a href=\"#\" class=\"ez-toc-pull-right ez-toc-btn ez-toc-btn-xs ez-toc-btn-default ez-toc-toggle\" aria-label=\"Toggle Table of Content\"><span class=\"ez-toc-js-icon-con\"><span class=\"\"><span class=\"eztoc-hide\" style=\"display:none;\">Toggle<\/span><span class=\"ez-toc-icon-toggle-span\"><svg style=\"fill: #999;color:#999\" xmlns=\"http:\/\/www.w3.org\/2000\/svg\" class=\"list-377408\" width=\"20px\" height=\"20px\" viewBox=\"0 0 24 24\" fill=\"none\"><path d=\"M6 6H4v2h2V6zm14 0H8v2h12V6zM4 11h2v2H4v-2zm16 0H8v2h12v-2zM4 16h2v2H4v-2zm16 0H8v2h12v-2z\" fill=\"currentColor\"><\/path><\/svg><svg style=\"fill: #999;color:#999\" class=\"arrow-unsorted-368013\" xmlns=\"http:\/\/www.w3.org\/2000\/svg\" width=\"10px\" height=\"10px\" viewBox=\"0 0 24 24\" version=\"1.2\" baseProfile=\"tiny\"><path d=\"M18.2 9.3l-6.2-6.3-6.2 6.3c-.2.2-.3.4-.3.7s.1.5.3.7c.2.2.4.3.7.3h11c.3 0 .5-.1.7-.3.2-.2.3-.5.3-.7s-.1-.5-.3-.7zM5.8 14.7l6.2 6.3 6.2-6.3c.2-.2.3-.5.3-.7s-.1-.5-.3-.7c-.2-.2-.4-.3-.7-.3h-11c-.3 0-.5.1-.7.3-.2.2-.3.5-.3.7s.1.5.3.7z\"\/><\/svg><\/span><\/span><\/span><\/a><\/span><\/div>\n<nav><ul class='ez-toc-list ez-toc-list-level-1 ' ><li class='ez-toc-page-1 ez-toc-heading-level-2'><a class=\"ez-toc-link ez-toc-heading-1\" href=\"https:\/\/reppi.de\/?p=281\/#Das_Kloster_Druebeck\" >Das Kloster Dr\u00fcbeck<\/a><ul class='ez-toc-list-level-3' ><li class='ez-toc-heading-level-3'><a class=\"ez-toc-link ez-toc-heading-2\" href=\"https:\/\/reppi.de\/?p=281\/#Beruehmte_Aebtissinnen_Druebecks\" >Ber\u00fchmte \u00c4btissinnen Dr\u00fcbecks<\/a><\/li><li class='ez-toc-page-1 ez-toc-heading-level-3'><a class=\"ez-toc-link ez-toc-heading-3\" href=\"https:\/\/reppi.de\/?p=281\/#Das_Kloster_heute_Ein_Hotel\" >Das Kloster heute: Ein Hotel<\/a><\/li><li class='ez-toc-page-1 ez-toc-heading-level-3'><a class=\"ez-toc-link ez-toc-heading-4\" href=\"https:\/\/reppi.de\/?p=281\/#Kartensymbole\" >Kartensymbole<\/a><\/li><\/ul><\/li><\/ul><\/nav><\/div>\n<h2><span class=\"ez-toc-section\" id=\"Das_Kloster_Druebeck\"><\/span>Das <a href=\"https:\/\/www.kloster-druebeck.de\/\">Kloster Dr\u00fcbeck<\/a><span class=\"ez-toc-section-end\"><\/span><\/h2>\n<p>Das Kloster ist eine beeindruckende Anlage bestehend aus wundersch\u00f6nen Gartenanlagen, Ruhe(!)zonen, einem richtig guten Cafe im ehemaligen G\u00e4rtnerhaus und einen Hotel mit diversen Tagungsr\u00e4umen, teils jedoch im moderneren Baustil. Im Sommer trennt \u00fcppiger und teils bemerkenswerter Bewuchs die alten und neuen Stilelemente voneinander, so dass man beim Durchschreiten der Klosteranlage durch jeden Bogen in eine andere Welt zu gelangen scheint.<\/p>\n<link rel='stylesheet' id='osm-ol3-css-css' href='https:\/\/reppi.de\/wp-content\/plugins\/osm\/js\/OL\/10.9.0\/ol.css?ver=6.6.1' media='all' \/>\n<link rel='stylesheet' id='osm-ol3-ext-css-css' href='https:\/\/reppi.de\/wp-content\/plugins\/osm\/css\/osm_map_v3.css?ver=6.6.1' media='all' \/>\n<link rel='stylesheet' id='osm-map-css-css' href='https:\/\/reppi.de\/wp-content\/plugins\/osm\/css\/osm_map.css?ver=6.6.1' media='all' \/>\n<script src=\"https:\/\/reppi.de\/wp-includes\/js\/dist\/vendor\/wp-polyfill.min.js?ver=3.15.0\" id=\"wp-polyfill-js\"><\/script>\n<script src=\"https:\/\/reppi.de\/wp-content\/plugins\/osm\/js\/OL\/10.9.0\/ol.js?ver=10.9.0\" id=\"osm-ol3-library-js\"><\/script>\n<script src=\"https:\/\/reppi.de\/wp-content\/plugins\/osm\/js\/osm-v3-plugin-lib.js?ver=1.0.0\" id=\"osm-ol3-ext-library-js\"><\/script>\n<script src=\"https:\/\/reppi.de\/wp-content\/plugins\/osm\/js\/osm-metabox-events.js?ver=1.0.0\" id=\"osm-ol3-metabox-events-js\"><\/script>\n<script src=\"https:\/\/reppi.de\/wp-includes\/js\/jquery\/jquery.min.js?ver=3.7.1\" id=\"jquery-core-js\"><\/script>\n<script src=\"https:\/\/reppi.de\/wp-includes\/js\/jquery\/jquery-migrate.min.js?ver=3.4.1\" id=\"jquery-migrate-js\"><\/script>\n<script id=\"osm-map-startup-js-extra\">\nvar translations = {\"openlayer\":\"open layer\",\"openlayerAtStartup\":\"open layer at startup\",\"generateLink\":\"link to this map with opened layers\",\"shortDescription\":\"short description\",\"generatedShortCode\":\"to get a text control link paste this code in your wordpress editor\",\"closeLayer\":\"close layer\",\"cantGenerateLink\":\"put this string in the existing map short code to control this map\"};\n<\/script>\n<script src=\"https:\/\/reppi.de\/wp-content\/plugins\/osm\/js\/osm-startup-lib.js?ver=V6.2.5\" id=\"osm-map-startup-js\"><\/script>\n\n        <div id=\"map_ol3js_1\"\n       class=\"osm-map-container undefined\"\n             data-map_name=\"undefined\"\n             data-map=\"map_ol3js_1\"\n             data-autoshow=\"no\"\n             style=\"width:100%;\n                    max-width:100%;\n                    height:450px;\n                    display:block;\n                    overflow:hidden;\n                    border:thin solid blue;\n                    position: relative;\">\n          <div id=\"map_ol3js_1_popup\" class=\"ol-popup\">\n            <a href=\"#\" id=\"map_ol3js_1_popup-closer\" class=\"ol-popup-closer\"><\/a>\n            <div id=\"map_ol3js_1_popup-content\"><\/div>\n          <\/div>\n        <\/div>\n    <script type=\"text\/javascript\">\n\t\t\t  vectorM['map_ol3js_1'] = [];\n\t        \n        var raster = getTileLayer(\"osm\",\"NoKey\");\t\t\t\n\n\t\t\t  var map_ol3js_1 = new ol.Map({\n\t\t\t\tinteractions: ol.interaction.defaults.defaults({mouseWheelZoom:false}),\n\t\t\t\tlayers: [raster],\n\t\t\t\ttarget: \"map_ol3js_1\",\n\t\t\t\tview: new ol.View({\n\t\t\t\t  center: ol.proj.transform([10.7191,51.8577], \"EPSG:4326\", \"EPSG:3857\"),\n\t\t\t\t  zoom: 15.270208921998856\n\t\t\t\t})\n\t\t\t  });\n\t\t\t  osm_addMarkerLayer(map_ol3js_1,10.7154,51.8558,\"https:\/\/reppi.de\/wp-content\/plugins\/osm\/icons\/mic_green_vineyard-2_01.png\",-16,-41,\"  <\/a><br>\") ; \nosm_addMarkerLayer(map_ol3js_1,10.7153,51.8561,\"https:\/\/reppi.de\/wp-content\/plugins\/osm\/icons\/mic_black_camera_01.png\",-16,-41,\"  <\/a><br>\") ; \nosm_addMarkerLayer(map_ol3js_1,10.7158,51.8548,\"https:\/\/reppi.de\/wp-content\/plugins\/osm\/icons\/mic_brown_parking_01.png\",-16,-41,\"  <\/a><br>\") ; \naddControls2Map(map_ol3js_1,0,0,3,0,5,6,7,0,1);\nosm_addPopupClickhandler(map_ol3js_1,  \"map_ol3js_1\"); \nosm_addMouseHover(map_ol3js_1); <\/script>\n<p>Im Klosterkiosk ist \u00fcbrigens das Begleitheft zum Kosterweg gegen eine 2,50\u20ac Schutzgeb\u00fchr erh\u00e4ltlich, die offizielle Wanderkarte des Harzclubs und Fachb\u00fccher. Ein Eintritt wird nicht verlangt und der Besuch der gro\u00dfen Kirche ist daher ebenso ein fester Bestandteil des Pflichtprogamms, wie das Einkehren im Cafe: Ein guter Kaffee und Erfrischungsgetr\u00e4nke sowie leckere Kuchen laden zum Verweilen ein. F\u00fcr Kinder steht eine Spielecke bereit und auf der angrenzenden Wiese futtern sich meistens irgendwelche Haustiere durch.<\/p>\n<p>Im Jahre 960 wurde das, damals noch Nonnen- Kloster erstmals erw\u00e4hnt. Zwanzig Jahre sp\u00e4ter fand das &#8222;Upgrade&#8220; zum \u00c4btissinnenkloster statt, nachdem Otto der II. in Bodfeld diese Wahl best\u00e4tigte, was dem Kloster eine gehobene Rechtsstellung gab und stand fortan unter K\u00f6niglichen Schutz. Dies war weniger Wert, als nach was es sich anzuh\u00f6ren scheint:<br \/>\nW\u00e4hrend der immer wieder auflodernden Bauernaufst\u00e4nde und Reformationszeit erlosch das Klosterleben allm\u00e4hlich. Das Kloster wurde allm\u00e4hlich zerst\u00f6rt und um 1600 wurde sogar von einer R\u00e4uberbande, die nie gefasst wurde, ein Feuer gelegt.<\/p>\n<p>Im 17. Jahrundert wurde das Kloster nach kurf\u00fcrstlichem Edikt dem Grafen zu Wernigerode \u00fcbereignet. Dieser renovierte den Tr\u00fcmmerhaufen und erneut dient das Kloster als Damenstift. Aus dieser Zeit ist in einem Dokument bereits die besondere, mauergefasste Gartenstruktur ersichtlich.<\/p>\n<h3><span class=\"ez-toc-section\" id=\"Beruehmte_Aebtissinnen_Druebecks\"><\/span>Ber\u00fchmte \u00c4btissinnen Dr\u00fcbecks<span class=\"ez-toc-section-end\"><\/span><\/h3>\n<p>Kaiser Wilhelm der II. \u00fcberreichte 1906 der seit 1903 amtierenden \u00c4btissin Anna Freiin (Klara Emma Auguste\u00a0<b>Anna Freiin von Welck)\u00a0<\/b> &#8222;den&#8220; besonderen \u00c4btissinnenstab, der zuvor von Emil Doepler entworfen wurde.<br \/>\nSch\u00f6ner Stab hin, oder her: Den Gem\u00e4lden zur Folge war die rothaarige \u00c4btissin eine wahre Sch\u00f6nheit und so dauerte nicht lange, n\u00e4mlich bis 1907, ehe die Sch\u00f6nheit das Klosterleben an den Nagel hing und den Generalmajor Bernhard von der Schulenburg heiratete, der zu dieser Zeit bereits knapp 70 Jahre alt war.<\/p>\n<p>Zuvor jedoch, w\u00e4hrend ihrer Wirkzeit als \u00c4btissin, reformierte sie das Klosterleben. Sie fand dadurch auch L\u00f6sungen f\u00fcr die durch die industrielle Revolution schwer gebeutelten Ehefrauen, deren soziale Stellung ins Wanken geriet.<\/p>\n<p>1908 bis 1946 \u00fcbernahm Magdalena Gr\u00e4fin zu Stolberg-Wernigerode das Zepter. Sie war die letzte \u00c4btissin des Klosters in schwerster Zeit. In 1946 ging das Kloster in eine kirchliche Stiftung \u00fcber und es endete die Funktion als Damenstift. Fortan diente es als Diakonisches Kurheim und bat 40 Betten f\u00fcr Erholungssuchende.<\/p>\n<p>Die fast 300 Jahre alte Klosterlinde, die 1730 im Klosterhof gepflanzt wurde, eine &#8222;Sommerlinde&#8220;, geh\u00f6rt heute zu den Naturdenkm\u00e4lern im Landkreis Harz.<\/p>\n<h3><span class=\"ez-toc-section\" id=\"Das_Kloster_heute_Ein_Hotel\"><\/span>Das Kloster heute: Ein Hotel<span class=\"ez-toc-section-end\"><\/span><\/h3>\n<p>Heute dient das Kloster wie gesagt als Hotel und bietet einen gehobenen Standard.<\/p>\n<p>Eine \u00dcbernachtung im Einzelzimmer ist f\u00fcr 45\u20ac und im Doppelzimmer f\u00fcr 35\u20ac\/ Person zu haben. Das Fr\u00fchst\u00fccksbuffet kann f\u00fcr 8\u20ac und das Mittagsbuffet f\u00fcr ca. 15\u20ac gebucht werden und ist sein Preis wert. Ein &#8222;Vesperbuffet&#8220; f\u00fcr 4\u20ac und das 11\u20ac preiswerte Abendbuffet seien noch erw\u00e4hnenswert. F\u00fcr weitere Infos: Ein Klick auf die oberste \u00dcberschrift f\u00fchrt euch auf die Homepage des Klosters Dr\u00fcbeck und ein Klick auf das Symbol des Klosterwanderweges auf dessen Homepage.<\/p>\n<h3><span class=\"ez-toc-section\" id=\"Kartensymbole\"><\/span>Kartensymbole<span class=\"ez-toc-section-end\"><\/span><\/h3>\n<p>Was die Symbole in der Karte anbelangt: Die kleinen, mauergefassten G\u00e4rten sind nur eines der &#8222;must-knips&#8220; Fotopunkte des Klosters. Das Parksymbol &#8222;P&#8220; ist auch eindeutig und es sei erw\u00e4hnenswert, dass auch auf der R\u00fcckseite des Kloster ein Zugang besteht, man also auch hinter dem Kloster im Dorf parken kann, was gerade abends ein wenig weniger &#8222;Abgeschiedenheit&#8220; und somit Sicherheit f\u00fcrs Gef\u00e4hrt gew\u00e4hrleistet. Das Cafe liegt zentral im G\u00e4rtnerhaus, man kann es kaum verfehlen, so verwinkelt die Anlage auch sein mag.<\/p>\n","protected":false},"excerpt":{"rendered":"<p>Das Kloster Dr\u00fcbeck Das Kloster ist eine beeindruckende Anlage bestehend aus wundersch\u00f6nen Gartenanlagen, Ruhe(!)zonen, einem richtig guten Cafe im ehemaligen G\u00e4rtnerhaus und einen Hotel mit diversen Tagungsr\u00e4umen, teils jedoch im moderneren Baustil. Im Sommer trennt \u00fcppiger und teils bemerkenswerter Bewuchs die alten und neuen Stilelemente voneinander, so dass man beim Durchschreiten der Klosteranlage durch jeden&#8230;<\/p>\n","protected":false},"author":2,"featured_media":284,"comment_status":"open","ping_status":"open","sticky":false,"template":"","format":"gallery","meta":{"_kadence_starter_templates_imported_post":false,"_kad_post_transparent":"","_kad_post_title":"","_kad_post_layout":"","_kad_post_sidebar_id":"","_kad_post_content_style":"","_kad_post_vertical_padding":"","_kad_post_feature":"","_kad_post_feature_position":"","_kad_post_header":false,"_kad_post_footer":false,"_kad_post_classname":"","footnotes":""},"categories":[23],"tags":[],"class_list":["post-281","post","type-post","status-publish","format-gallery","has-post-thumbnail","hentry","category-klwawegharz","post_format-post-format-gallery"],"_links":{"self":[{"href":"https:\/\/reppi.de\/index.php?rest_route=\/wp\/v2\/posts\/281"}],"collection":[{"href":"https:\/\/reppi.de\/index.php?rest_route=\/wp\/v2\/posts"}],"about":[{"href":"https:\/\/reppi.de\/index.php?rest_route=\/wp\/v2\/types\/post"}],"author":[{"embeddable":true,"href":"https:\/\/reppi.de\/index.php?rest_route=\/wp\/v2\/users\/2"}],"replies":[{"embeddable":true,"href":"https:\/\/reppi.de\/index.php?rest_route=%2Fwp%2Fv2%2Fcomments&post=281"}],"version-history":[{"count":2,"href":"https:\/\/reppi.de\/index.php?rest_route=\/wp\/v2\/posts\/281\/revisions"}],"predecessor-version":[{"id":640,"href":"https:\/\/reppi.de\/index.php?rest_route=\/wp\/v2\/posts\/281\/revisions\/640"}],"wp:featuredmedia":[{"embeddable":true,"href":"https:\/\/reppi.de\/index.php?rest_route=\/"}],"wp:attachment":[{"href":"https:\/\/reppi.de\/index.php?rest_route=%2Fwp%2Fv2%2Fmedia&parent=281"}],"wp:term":[{"taxonomy":"category","embeddable":true,"href":"https:\/\/reppi.de\/index.php?rest_route=%2Fwp%2Fv2%2Fcategories&post=281"},{"taxonomy":"post_tag","embeddable":true,"href":"https:\/\/reppi.de\/index.php?rest_route=%2Fwp%2Fv2%2Ftags&post=281"}],"curies":[{"name":"wp","href":"https:\/\/api.w.org\/{rel}","templated":true}]}}