



{"id":295,"date":"2018-08-01T10:47:43","date_gmt":"2018-08-01T10:47:43","guid":{"rendered":"http:\/\/wp.reppi.de\/?p=295"},"modified":"2024-01-23T09:31:56","modified_gmt":"2024-01-23T09:31:56","slug":"elbauen-und-festung-doemitz","status":"publish","type":"post","link":"https:\/\/reppi.de\/?p=295","title":{"rendered":"Festung D\u00f6mitz"},"content":{"rendered":"<div id=\"ez-toc-container\" class=\"ez-toc-v2_0_82_2 counter-hierarchy ez-toc-counter ez-toc-grey ez-toc-container-direction\">\n<div class=\"ez-toc-title-container\">\n<p class=\"ez-toc-title\" style=\"cursor:inherit\">Inhaltsverzeichnis<\/p>\n<span class=\"ez-toc-title-toggle\"><a href=\"#\" class=\"ez-toc-pull-right ez-toc-btn ez-toc-btn-xs ez-toc-btn-default ez-toc-toggle\" aria-label=\"Toggle Table of Content\"><span class=\"ez-toc-js-icon-con\"><span class=\"\"><span class=\"eztoc-hide\" style=\"display:none;\">Toggle<\/span><span class=\"ez-toc-icon-toggle-span\"><svg style=\"fill: #999;color:#999\" xmlns=\"http:\/\/www.w3.org\/2000\/svg\" class=\"list-377408\" width=\"20px\" height=\"20px\" viewBox=\"0 0 24 24\" fill=\"none\"><path d=\"M6 6H4v2h2V6zm14 0H8v2h12V6zM4 11h2v2H4v-2zm16 0H8v2h12v-2zM4 16h2v2H4v-2zm16 0H8v2h12v-2z\" fill=\"currentColor\"><\/path><\/svg><svg style=\"fill: #999;color:#999\" class=\"arrow-unsorted-368013\" xmlns=\"http:\/\/www.w3.org\/2000\/svg\" width=\"10px\" height=\"10px\" viewBox=\"0 0 24 24\" version=\"1.2\" baseProfile=\"tiny\"><path d=\"M18.2 9.3l-6.2-6.3-6.2 6.3c-.2.2-.3.4-.3.7s.1.5.3.7c.2.2.4.3.7.3h11c.3 0 .5-.1.7-.3.2-.2.3-.5.3-.7s-.1-.5-.3-.7zM5.8 14.7l6.2 6.3 6.2-6.3c.2-.2.3-.5.3-.7s-.1-.5-.3-.7c-.2-.2-.4-.3-.7-.3h-11c-.3 0-.5.1-.7.3-.2.2-.3.5-.3.7s.1.5.3.7z\"\/><\/svg><\/span><\/span><\/span><\/a><\/span><\/div>\n<nav><ul class='ez-toc-list ez-toc-list-level-1 ' ><li class='ez-toc-page-1 ez-toc-heading-level-2'><a class=\"ez-toc-link ez-toc-heading-1\" href=\"https:\/\/reppi.de\/?p=295\/#Die_Burganlage_%E2%80%9EFestung_Doemitz%E2%80%9C\" >Die Burganlage &#8222;Festung D\u00f6mitz&#8220;<\/a><ul class='ez-toc-list-level-3' ><li class='ez-toc-heading-level-3'><a class=\"ez-toc-link ez-toc-heading-2\" href=\"https:\/\/reppi.de\/?p=295\/#Eintrittspreise\" >Eintrittspreise:<\/a><\/li><\/ul><\/li><\/ul><\/nav><\/div>\n<h2><span class=\"ez-toc-section\" id=\"Die_Burganlage_%E2%80%9EFestung_Doemitz%E2%80%9C\"><\/span>Die Burganlage &#8222;Festung D\u00f6mitz&#8220;<span class=\"ez-toc-section-end\"><\/span><\/h2>\n<p>Bereits im 13. Jahrhundert stand dort, wo heute die um 1560 von Herzog Albrecht I. von Mecklenburg errichtete Festung D\u00f6mitz steht, eine Rundburg.<\/p>\n<link rel='stylesheet' id='osm-ol3-css-css' href='https:\/\/reppi.de\/wp-content\/plugins\/osm\/js\/OL\/10.9.0\/ol.css?ver=6.6.1' media='all' \/>\n<link rel='stylesheet' id='osm-ol3-ext-css-css' href='https:\/\/reppi.de\/wp-content\/plugins\/osm\/css\/osm_map_v3.css?ver=6.6.1' media='all' \/>\n<link rel='stylesheet' id='osm-map-css-css' href='https:\/\/reppi.de\/wp-content\/plugins\/osm\/css\/osm_map.css?ver=6.6.1' media='all' \/>\n<script src=\"https:\/\/reppi.de\/wp-includes\/js\/dist\/vendor\/wp-polyfill.min.js?ver=3.15.0\" id=\"wp-polyfill-js\"><\/script>\n<script src=\"https:\/\/reppi.de\/wp-content\/plugins\/osm\/js\/OL\/10.9.0\/ol.js?ver=10.9.0\" id=\"osm-ol3-library-js\"><\/script>\n<script src=\"https:\/\/reppi.de\/wp-content\/plugins\/osm\/js\/osm-v3-plugin-lib.js?ver=1.0.0\" id=\"osm-ol3-ext-library-js\"><\/script>\n<script src=\"https:\/\/reppi.de\/wp-content\/plugins\/osm\/js\/osm-metabox-events.js?ver=1.0.0\" id=\"osm-ol3-metabox-events-js\"><\/script>\n<script src=\"https:\/\/reppi.de\/wp-includes\/js\/jquery\/jquery.min.js?ver=3.7.1\" id=\"jquery-core-js\"><\/script>\n<script src=\"https:\/\/reppi.de\/wp-includes\/js\/jquery\/jquery-migrate.min.js?ver=3.4.1\" id=\"jquery-migrate-js\"><\/script>\n<script id=\"osm-map-startup-js-extra\">\nvar translations = {\"openlayer\":\"open layer\",\"openlayerAtStartup\":\"open layer at startup\",\"generateLink\":\"link to this map with opened layers\",\"shortDescription\":\"short description\",\"generatedShortCode\":\"to get a text control link paste this code in your wordpress editor\",\"closeLayer\":\"close layer\",\"cantGenerateLink\":\"put this string in the existing map short code to control this map\"};\n<\/script>\n<script src=\"https:\/\/reppi.de\/wp-content\/plugins\/osm\/js\/osm-startup-lib.js?ver=V6.2.5\" id=\"osm-map-startup-js\"><\/script>\n\n        <div id=\"map_ol3js_1\"\n       class=\"osm-map-container undefined\"\n             data-map_name=\"undefined\"\n             data-map=\"map_ol3js_1\"\n             data-autoshow=\"no\"\n             style=\"width:100%;\n                    max-width:100%;\n                    height:450px;\n                    display:block;\n                    overflow:hidden;\n                    border:thin solid blue;\n                    position: relative;\">\n          <div id=\"map_ol3js_1_popup\" class=\"ol-popup\">\n            <a href=\"#\" id=\"map_ol3js_1_popup-closer\" class=\"ol-popup-closer\"><\/a>\n            <div id=\"map_ol3js_1_popup-content\"><\/div>\n          <\/div>\n        <\/div>\n    <script type=\"text\/javascript\">\n\t\t\t  vectorM['map_ol3js_1'] = [];\n\t        \n        var raster = getTileLayer(\"osm\",\"NoKey\");\t\t\t\n\n\t\t\t  var map_ol3js_1 = new ol.Map({\n\t\t\t\tinteractions: ol.interaction.defaults.defaults({mouseWheelZoom:false}),\n\t\t\t\tlayers: [raster],\n\t\t\t\ttarget: \"map_ol3js_1\",\n\t\t\t\tview: new ol.View({\n\t\t\t\t  center: ol.proj.transform([11.2611,53.1384], \"EPSG:4326\", \"EPSG:3857\"),\n\t\t\t\t  zoom: 14\n\t\t\t\t})\n\t\t\t  });\n\t\t\t  osm_addMarkerLayer(map_ol3js_1,11.2451,53.1408,\"https:\/\/reppi.de\/wp-content\/plugins\/osm\/icons\/mic_brown_parking_01.png\",-16,-41,\"  <\/a><br>\") ; \nosm_addMarkerLayer(map_ol3js_1,11.2457,53.1414,\"https:\/\/reppi.de\/wp-content\/plugins\/osm\/icons\/mic_black_camera_01.png\",-16,-41,\"  <\/a><br>\") ; \nosm_addMarkerLayer(map_ol3js_1,11.2454,53.1407,\"https:\/\/reppi.de\/wp-content\/plugins\/osm\/icons\/mic_green_caravan_01.png\",-16,-41,\"  <\/a><br>\") ; \naddControls2Map(map_ol3js_1,0,0,3,1,5,6,7,0,1);\nosm_addPopupClickhandler(map_ol3js_1,  \"map_ol3js_1\"); \nosm_addMouseHover(map_ol3js_1); <\/script>\n<p>Im Jahre 1894 beendete das Milit\u00e4r die Nutzung der zuvor immer wieder aufs Neue aufgebesserten Festung D\u00f6mitz. Sie steht seit 1975 unter Denkmalschutz. Seit 1973 war die Anlage aufgrund des &#8222;Kleinen Grenzverkehrs&#8220; auch f\u00fcr die Menschen erreichbar, zuvor lag die Anlage im Sperrgebiet.<\/p>\n<p><img loading=\"lazy\" decoding=\"async\" class=\"wp-image-635  alignleft\" src=\"https:\/\/reppi.de\/wp-content\/uploads\/2018\/08\/image-9.png\" alt=\"\" width=\"371\" height=\"559\" srcset=\"https:\/\/reppi.de\/wp-content\/uploads\/2018\/08\/image-9.png 1360w, https:\/\/reppi.de\/wp-content\/uploads\/2018\/08\/image-9-199x300.png 199w, https:\/\/reppi.de\/wp-content\/uploads\/2018\/08\/image-9-680x1024.png 680w, https:\/\/reppi.de\/wp-content\/uploads\/2018\/08\/image-9-768x1157.png 768w, https:\/\/reppi.de\/wp-content\/uploads\/2018\/08\/image-9-1020x1536.png 1020w\" sizes=\"(max-width: 371px) 100vw, 371px\" \/><\/p>\n<p>Von 1705 bis 1717, als der Herzog Karl Leopold seinen Regierungssitz nach D\u00f6mitz verlegte, diente die Feste kurzzeitig als Irrenanstalt und Krankenhaus. Seit dieser Zeit gibt es immer wieder Berichte \u00fcber diverse Spukerscheinungen in dieser Burg. H\u00e4? Neee, ist nat\u00fcrlich totaler Quatsch! Klingt aber erstmal aufregend. Als ob die imposante Festung das n\u00f6tig h\u00e4tte: Sie ist auf jeden Fall einen Abstecher wert, auch ohne Begegnungen paranormaler Art.<\/p>\n<p>Apropos &#8222;Art&#8220;:\u00a0 Wechselnde Ausstellungen und sogar Konzerte in diesem atemberaubenden Ambiente werden ebenfalls angeboten. Wer mag, kann sich <a href=\"https:\/\/www.festung-doemitz-museum.de\/kalender.htm\">&gt;&gt;&gt;HIER&lt;&lt;&lt;<\/a> informieren.<\/p>\n<p>F\u00fcr einen kurzen Besuch fallen zur Besichtigung der vorderen Hallen keine Eintrittsgelder an. Die Hallen sind zudem auch bei hohen Au\u00dfentemperaturen k\u00fchl. Kunstst\u00fcck bei den Mauern! Wer ins Innere der Burg gelangen will, wo auch ein Museum untergebracht ist, muss jedoch Eintritt zahlen und sich sputen: Auch im Sommer schlie\u00dft die Festung um 17\u00b0\u00b0 Uhr, am Wochenende ist die Anlage bis 18\u00b0\u00b0 ge\u00f6ffnet.<\/p>\n<p>Da die Anlage hochwassergesch\u00fctzt direkt an der Elbe gelegen ist, lag es nahe dem UNESO Biosph\u00e4renreservat Elbe-Meck-Pom auch in D\u00f6mitz zu huldigen: Ein Biosph\u00e4renwanderweg f\u00fchrt rund um die Burg. Er ist ca. 1,5km lang. Seit 2013 befindet sich zudem das UNESCO Informationszentrum zum Reservat im Zeughaus der Festung D\u00f6mitz.<\/p>\n<h3><span class=\"ez-toc-section\" id=\"Eintrittspreise\"><\/span><span class=\"xr_tl Normal_text_Light\"><span id=\"Eintritt\">Eintrittspreise:<\/span><\/span><span class=\"ez-toc-section-end\"><\/span><\/h3>\n<p><span class=\"xr_tl Normal_text_Light\">Erwachsene <\/span><span class=\"xr_tl Normal_text_Light\">\u00a05,50 \u20ac ,\u00a0<\/span><span class=\"xr_tl Normal_text_Light\">Schwerbehindert <\/span><span class=\"xr_tl Normal_text_Light\">\u00a04,00 \u20ac ,\u00a0<\/span><span class=\"xr_tl Normal_text_Light\">Kinder (4-16 J.)<\/span><span class=\"xr_tl Normal_text_Light\">\u00a02,50 \u20ac,\u00a0<\/span><span class=\"xr_tl Normal_text_Light\">Familienkarte<\/span><span class=\"xr_tl Normal_text_Light\">\u00a012,50 \u20ac<\/span><span class=\"xr_tl Normal_text_Light\">(2 Erwachsene ab 1 Kind.<br \/>\n<\/span>Die F\u00fchrungen sind in gr\u00f6\u00dferen Gruppen ab 15 Personen zu buchen und schlagen dann mit um die 40 Euro zubuche. Schulklassen zahlen die H\u00e4lfte. Parken ist kostenlos auf dem in der Karte eingezeichneten Parkplatz m\u00f6glich.<\/p>\n<p>&nbsp;<\/p>\n<p>&nbsp;<\/p>\n<p>&nbsp;<\/p>\n<p><img loading=\"lazy\" decoding=\"async\" class=\"aligncenter wp-image-637 size-full\" src=\"https:\/\/reppi.de\/wp-content\/uploads\/2018\/08\/image-10.png\" alt=\"\" width=\"2048\" height=\"1360\" srcset=\"https:\/\/reppi.de\/wp-content\/uploads\/2018\/08\/image-10.png 2048w, https:\/\/reppi.de\/wp-content\/uploads\/2018\/08\/image-10-300x199.png 300w, https:\/\/reppi.de\/wp-content\/uploads\/2018\/08\/image-10-1024x680.png 1024w, https:\/\/reppi.de\/wp-content\/uploads\/2018\/08\/image-10-768x510.png 768w, https:\/\/reppi.de\/wp-content\/uploads\/2018\/08\/image-10-1536x1020.png 1536w\" sizes=\"(max-width: 2048px) 100vw, 2048px\" \/><\/p>\n","protected":false},"excerpt":{"rendered":"<p>Die Burganlage &#8222;Festung D\u00f6mitz&#8220; Bereits im 13. Jahrhundert stand dort, wo heute die um 1560 von Herzog Albrecht I. von Mecklenburg errichtete Festung D\u00f6mitz steht, eine Rundburg. Im Jahre 1894 beendete das Milit\u00e4r die Nutzung der zuvor immer wieder aufs Neue aufgebesserten Festung D\u00f6mitz. Sie steht seit 1975 unter Denkmalschutz. Seit 1973 war die Anlage&#8230;<\/p>\n","protected":false},"author":2,"featured_media":0,"comment_status":"open","ping_status":"open","sticky":false,"template":"","format":"standard","meta":{"_kadence_starter_templates_imported_post":false,"_kad_post_transparent":"","_kad_post_title":"","_kad_post_layout":"","_kad_post_sidebar_id":"","_kad_post_content_style":"","_kad_post_vertical_padding":"","_kad_post_feature":"","_kad_post_feature_position":"","_kad_post_header":false,"_kad_post_footer":false,"_kad_post_classname":"","footnotes":""},"categories":[19],"tags":[],"class_list":["post-295","post","type-post","status-publish","format-standard","hentry","category-roadtripdl"],"_links":{"self":[{"href":"https:\/\/reppi.de\/index.php?rest_route=\/wp\/v2\/posts\/295"}],"collection":[{"href":"https:\/\/reppi.de\/index.php?rest_route=\/wp\/v2\/posts"}],"about":[{"href":"https:\/\/reppi.de\/index.php?rest_route=\/wp\/v2\/types\/post"}],"author":[{"embeddable":true,"href":"https:\/\/reppi.de\/index.php?rest_route=\/wp\/v2\/users\/2"}],"replies":[{"embeddable":true,"href":"https:\/\/reppi.de\/index.php?rest_route=%2Fwp%2Fv2%2Fcomments&post=295"}],"version-history":[{"count":2,"href":"https:\/\/reppi.de\/index.php?rest_route=\/wp\/v2\/posts\/295\/revisions"}],"predecessor-version":[{"id":638,"href":"https:\/\/reppi.de\/index.php?rest_route=\/wp\/v2\/posts\/295\/revisions\/638"}],"wp:attachment":[{"href":"https:\/\/reppi.de\/index.php?rest_route=%2Fwp%2Fv2%2Fmedia&parent=295"}],"wp:term":[{"taxonomy":"category","embeddable":true,"href":"https:\/\/reppi.de\/index.php?rest_route=%2Fwp%2Fv2%2Fcategories&post=295"},{"taxonomy":"post_tag","embeddable":true,"href":"https:\/\/reppi.de\/index.php?rest_route=%2Fwp%2Fv2%2Ftags&post=295"}],"curies":[{"name":"wp","href":"https:\/\/api.w.org\/{rel}","templated":true}]}}