



{"id":553,"date":"2020-11-10T10:45:49","date_gmt":"2020-11-10T10:45:49","guid":{"rendered":"http:\/\/wp.reppi.de\/?p=553"},"modified":"2024-01-23T08:22:08","modified_gmt":"2024-01-23T08:22:08","slug":"walkenried","status":"publish","type":"post","link":"https:\/\/reppi.de\/?p=553","title":{"rendered":"Walkenried"},"content":{"rendered":"<p>&nbsp;<\/p>\n<p>Das einstige Zisterzienserkloster Walkenried geh\u00f6rt seit 2010 zu den UNESCO Weltkulturerbest\u00e4tten im Harz und reiht sich so in die Liste hinter dem Bergwerk Rammelsberg, sowie der Altstadt von Goslar und dem Oberharzer Wasserregal ein.<\/p>\n<p>Bedauerlicherweise erhielt diese doch recht bedeutende St\u00e4tte keinen permanenten Stempel der Harzer Wandernadel. Ein Besuch lohnt nat\u00fcrlich dennoch!<\/p>\n<link rel='stylesheet' id='osm-ol3-css-css' href='https:\/\/reppi.de\/wp-content\/plugins\/osm\/js\/OL\/10.9.0\/ol.css?ver=6.6.1' media='all' \/>\n<link rel='stylesheet' id='osm-ol3-ext-css-css' href='https:\/\/reppi.de\/wp-content\/plugins\/osm\/css\/osm_map_v3.css?ver=6.6.1' media='all' \/>\n<link rel='stylesheet' id='osm-map-css-css' href='https:\/\/reppi.de\/wp-content\/plugins\/osm\/css\/osm_map.css?ver=6.6.1' media='all' \/>\n<script src=\"https:\/\/reppi.de\/wp-includes\/js\/dist\/vendor\/wp-polyfill.min.js?ver=3.15.0\" id=\"wp-polyfill-js\"><\/script>\n<script src=\"https:\/\/reppi.de\/wp-content\/plugins\/osm\/js\/OL\/10.9.0\/ol.js?ver=10.9.0\" id=\"osm-ol3-library-js\"><\/script>\n<script src=\"https:\/\/reppi.de\/wp-content\/plugins\/osm\/js\/osm-v3-plugin-lib.js?ver=1.0.0\" id=\"osm-ol3-ext-library-js\"><\/script>\n<script src=\"https:\/\/reppi.de\/wp-content\/plugins\/osm\/js\/osm-metabox-events.js?ver=1.0.0\" id=\"osm-ol3-metabox-events-js\"><\/script>\n<script src=\"https:\/\/reppi.de\/wp-includes\/js\/jquery\/jquery.min.js?ver=3.7.1\" id=\"jquery-core-js\"><\/script>\n<script src=\"https:\/\/reppi.de\/wp-includes\/js\/jquery\/jquery-migrate.min.js?ver=3.4.1\" id=\"jquery-migrate-js\"><\/script>\n<script id=\"osm-map-startup-js-extra\">\nvar translations = {\"openlayer\":\"open layer\",\"openlayerAtStartup\":\"open layer at startup\",\"generateLink\":\"link to this map with opened layers\",\"shortDescription\":\"short description\",\"generatedShortCode\":\"to get a text control link paste this code in your wordpress editor\",\"closeLayer\":\"close layer\",\"cantGenerateLink\":\"put this string in the existing map short code to control this map\"};\n<\/script>\n<script src=\"https:\/\/reppi.de\/wp-content\/plugins\/osm\/js\/osm-startup-lib.js?ver=V6.2.5\" id=\"osm-map-startup-js\"><\/script>\n\n        <div id=\"map_ol3js_1\"\n       class=\"osm-map-container undefined\"\n             data-map_name=\"undefined\"\n             data-map=\"map_ol3js_1\"\n             data-autoshow=\"no\"\n             style=\"width:95%;\n                    max-width:100%;\n                    height:450px;\n                    display:block;\n                    overflow:hidden;\n                    border:thin solid;\n                    background-image: url(https:\/\/reppi.de\/wp-content\/plugins\/osm\/);\n                    background-repeat: no-repeat;\n                    background-position: center;\n                    position: relative;\">\n          <div id=\"map_ol3js_1_popup\" class=\"ol-popup\">\n            <a href=\"#\" id=\"map_ol3js_1_popup-closer\" class=\"ol-popup-closer\"><\/a>\n            <div id=\"map_ol3js_1_popup-content\"><\/div>\n          <\/div>\n        <\/div>\n    <script type=\"text\/javascript\">\n\t\t\t  vectorM['map_ol3js_1'] = [];\n\t        \n        var raster = getTileLayer(\"osm\",\"NoKey\");\t\t\t\n\n\t\t\t  var map_ol3js_1 = new ol.Map({\n\t\t\t\tinteractions: ol.interaction.defaults.defaults({mouseWheelZoom:false}),\n\t\t\t\tlayers: [raster],\n\t\t\t\ttarget: \"map_ol3js_1\",\n\t\t\t\tview: new ol.View({\n\t\t\t\t  center: ol.proj.transform([10.6192,51.5830], \"EPSG:4326\", \"EPSG:3857\"),\n\t\t\t\t  zoom: 16\n\t\t\t\t})\n\t\t\t  });\n\t\t\t  osm_addMarkerLayer(map_ol3js_1,10.6192,51.583,\"https:\/\/reppi.de\/wp-content\/plugins\/osm\/icons\/mic_black_camera_01.png\",-16,-41,\"<p><\/p>\") ; \naddControls2Map(map_ol3js_1,0,0,3,0,5,6,7,0,1);\nosm_addPopupClickhandler(map_ol3js_1,  \"map_ol3js_1\"); \nosm_addMouseHover(map_ol3js_1); <\/script>\n<div id=\"ez-toc-container\" class=\"ez-toc-v2_0_82_2 counter-hierarchy ez-toc-counter ez-toc-grey ez-toc-container-direction\">\n<div class=\"ez-toc-title-container\">\n<p class=\"ez-toc-title\" style=\"cursor:inherit\">Inhaltsverzeichnis<\/p>\n<span class=\"ez-toc-title-toggle\"><a href=\"#\" class=\"ez-toc-pull-right ez-toc-btn ez-toc-btn-xs ez-toc-btn-default ez-toc-toggle\" aria-label=\"Toggle Table of Content\"><span class=\"ez-toc-js-icon-con\"><span class=\"\"><span class=\"eztoc-hide\" style=\"display:none;\">Toggle<\/span><span class=\"ez-toc-icon-toggle-span\"><svg style=\"fill: #999;color:#999\" xmlns=\"http:\/\/www.w3.org\/2000\/svg\" class=\"list-377408\" width=\"20px\" height=\"20px\" viewBox=\"0 0 24 24\" fill=\"none\"><path d=\"M6 6H4v2h2V6zm14 0H8v2h12V6zM4 11h2v2H4v-2zm16 0H8v2h12v-2zM4 16h2v2H4v-2zm16 0H8v2h12v-2z\" fill=\"currentColor\"><\/path><\/svg><svg style=\"fill: #999;color:#999\" class=\"arrow-unsorted-368013\" xmlns=\"http:\/\/www.w3.org\/2000\/svg\" width=\"10px\" height=\"10px\" viewBox=\"0 0 24 24\" version=\"1.2\" baseProfile=\"tiny\"><path d=\"M18.2 9.3l-6.2-6.3-6.2 6.3c-.2.2-.3.4-.3.7s.1.5.3.7c.2.2.4.3.7.3h11c.3 0 .5-.1.7-.3.2-.2.3-.5.3-.7s-.1-.5-.3-.7zM5.8 14.7l6.2 6.3 6.2-6.3c.2-.2.3-.5.3-.7s-.1-.5-.3-.7c-.2-.2-.4-.3-.7-.3h-11c-.3 0-.5.1-.7.3-.2.2-.3.5-.3.7s.1.5.3.7z\"\/><\/svg><\/span><\/span><\/span><\/a><\/span><\/div>\n<nav><ul class='ez-toc-list ez-toc-list-level-1 ' ><li class='ez-toc-page-1 ez-toc-heading-level-1'><a class=\"ez-toc-link ez-toc-heading-1\" href=\"https:\/\/reppi.de\/?p=553\/#Das_Kloster_%E2%80%93_Steckbrief\" >Das Kloster &#8211; Steckbrief<\/a><ul class='ez-toc-list-level-2' ><li class='ez-toc-heading-level-2'><a class=\"ez-toc-link ez-toc-heading-2\" href=\"https:\/\/reppi.de\/?p=553\/#Einkehren_%E2%80%9EFuttern_im_Kloster%E2%80%9C\" >Einkehren &#8222;Futtern im Kloster&#8220;<\/a><\/li><\/ul><\/li><li class='ez-toc-page-1 ez-toc-heading-level-1'><a class=\"ez-toc-link ez-toc-heading-3\" href=\"https:\/\/reppi.de\/?p=553\/#Eine_Geschichte_des_Untergangs%E2%80%A6\" >Eine Geschichte des Untergangs&#8230;<\/a><ul class='ez-toc-list-level-2' ><li class='ez-toc-heading-level-2'><a class=\"ez-toc-link ez-toc-heading-4\" href=\"https:\/\/reppi.de\/?p=553\/#Geschichtliches_Wie_ging_es_mit_den_Aufstaenden_weiter\" >Geschichtliches: Wie ging es mit den Aufst\u00e4nden weiter?<\/a><\/li><\/ul><\/li><\/ul><\/nav><\/div>\n<h1><span class=\"ez-toc-section\" id=\"Das_Kloster_%E2%80%93_Steckbrief\"><\/span>Das Kloster &#8211; Steckbrief<span class=\"ez-toc-section-end\"><\/span><\/h1>\n<ul>\n<li>Errichtet wurde das Kloster 1127 als Stiftung der nach einer Pilgerreise gel\u00e4uterten Adelheid von Walkenried als drittes Zisterzienserkloster in Deutschland.<\/li>\n<li>Die gotische Klosterkirche des Klosters, eine der gr\u00f6\u00dften Kirchen in Norddeutschland, wurde nach 80 J\u00e4hriger Bauzeit im Jahre 1290 geweiht.<\/li>\n<li>Mit dem 14. Jahrhundert setzte der Niedergang des Klosters ein &#8211; Wirtschaftlich, wie moralisch, so dass&#8230;<\/li>\n<li>&#8230; w\u00e4hrend der Bauernkriege im Jahre 1525 die Kirche massiv besch\u00e4digt wurde.<\/li>\n<li>1556 &#8211; 1668 wurde die Anlage zu einer Lateinschule umgewidmet.<\/li>\n<li>Ab ca. 1670 wurde die Anlage nur noch als Steinbruch genutzt.<\/li>\n<li>Erst 1870 wurde dieses Treiben der Vernichtung verboten.<\/li>\n<li>1876 begannen die erhaltenden Ma\u00dfnahmen vor allem im Kreuzgang und der Klausur, einem einst nur gehobenen Ordensmitgliedern vorbehaltenen, besonders feudalem Bereich.<\/li>\n<li>1977 fanden dann auf Gehei\u00df der &#8222;Stiftung Braunschweigischer Kulturbesitz&#8220; (Eigent\u00fcmerin*Er) durch den Landkreis Osterode umfangreiche Renovierungsarbeiten statt, die auch von arch\u00e4ologischen Grabungen durch die Nieders\u00e4chsische Denkmalspflege begleitet wurden.<\/li>\n<li>Seit 1983 finden &#8222;Kreuzgangkonzerte&#8220; statt<\/li>\n<li>2010 wurde das Kloster in die Liste der UNESCO Weltkulturerbest\u00e4tten aufgenommen<\/li>\n<li>Im Kapitelsaal fand 2016 die Installation einer neuen Orgel mit 1714 Pfeifen statt. Erbauer ist der Orgelbaumeister J\u00f6rg Bente (Bad Nenndorf).<\/li>\n<li>Im Herrenhaus der Klosterdom\u00e4ne befindet sich seit 2020 das Welterbe-Info-Zentrum der UNESCO im Harz. (Eine Zweigstelle der Harzer Wandernadel ist auch in diesem Geb\u00e4ude zu finden, wenn auch ohne eigenen Stempel k\u00f6nnen hier bis zum Wanderk\u00f6nig Nadeln abgeholt werden. Ab Kaiserschuh muss man aber zur Haupstelle)<\/li>\n<\/ul>\n<p><img loading=\"lazy\" decoding=\"async\" class=\"aligncenter wp-image-610 size-large\" src=\"https:\/\/reppi.de\/wp-content\/uploads\/2020\/11\/image-2-1024x683.png\" alt=\"\" width=\"768\" height=\"512\" srcset=\"https:\/\/reppi.de\/wp-content\/uploads\/2020\/11\/image-2-1024x683.png 1024w, https:\/\/reppi.de\/wp-content\/uploads\/2020\/11\/image-2-300x200.png 300w, https:\/\/reppi.de\/wp-content\/uploads\/2020\/11\/image-2-768x512.png 768w, https:\/\/reppi.de\/wp-content\/uploads\/2020\/11\/image-2-1536x1024.png 1536w, https:\/\/reppi.de\/wp-content\/uploads\/2020\/11\/image-2-2048x1366.png 2048w\" sizes=\"(max-width: 768px) 100vw, 768px\" \/><\/p>\n<h2><span class=\"ez-toc-section\" id=\"Einkehren_%E2%80%9EFuttern_im_Kloster%E2%80%9C\"><\/span>Einkehren &#8222;Futtern im Kloster&#8220;<span class=\"ez-toc-section-end\"><\/span><\/h2>\n<p>Das kleine Kloster-Caf\u00e9 bietet hausgemachten Kuchen, eine hervorragende Trinkschokolade und Kaffeespezialit\u00e4ten. Negatives (Wie man z.B. unter Google findet), kann ich hier nicht best\u00e4tigen: Der Kuchen war absolut in Ordnung, der Kaffee frisch. Die Speisen am Nachbartisch sahen auch gut aus und Klagen w\u00e4ren mir nicht zu Ohren bekommen. Also meinerseits ganz klares: Geht in Ordnung. Preis Leistung stimmt, das Preisniveau ist im mittleren Bereich.<\/p>\n<p>Link: <a href=\"https:\/\/www.kloster-walkenried.de\/de\/besuch-bei-uns\/klostercafe.html\">https:\/\/www.kloster-walkenried.de\/de\/besuch-bei-uns\/klostercafe.html<\/a><br \/>\nTelefon : 05525 &#8211; 1316<\/p>\n<p>Gegen\u00fcber gibt es noch das &#8222;Bischofs-Eck&#8220;. Hier sind wir nicht eingekehrt, aber es war immer, wenn wir vorbei gekommen sind, gut besucht. Auf Nachfragen bei den Camping-Nachbarn, soll das Schnitzel mit Pommes wohl angesagt sein.<\/p>\n<p>Link: <a href=\"http:\/\/www.bischoffs-eck.de\/\">http:\/\/www.bischoffs-eck.de\/ <\/a><br \/>\nTelefon: <span class=\"LrzXr zdqRlf kno-fv\"><span data-dtype=\"d3ifr\" data-local-attribute=\"d3ph\">05525 &#8211; 639<\/span><\/span><\/p>\n<p><img loading=\"lazy\" decoding=\"async\" class=\"aligncenter wp-image-608 size-large\" src=\"https:\/\/reppi.de\/wp-content\/uploads\/2020\/11\/image-683x1024.png\" alt=\"\" width=\"683\" height=\"1024\" srcset=\"https:\/\/reppi.de\/wp-content\/uploads\/2020\/11\/image-683x1024.png 683w, https:\/\/reppi.de\/wp-content\/uploads\/2020\/11\/image-200x300.png 200w, https:\/\/reppi.de\/wp-content\/uploads\/2020\/11\/image-768x1152.png 768w, https:\/\/reppi.de\/wp-content\/uploads\/2020\/11\/image-1024x1536.png 1024w, https:\/\/reppi.de\/wp-content\/uploads\/2020\/11\/image-1366x2048.png 1366w, https:\/\/reppi.de\/wp-content\/uploads\/2020\/11\/image.png 1707w\" sizes=\"(max-width: 683px) 100vw, 683px\" \/><\/p>\n<h1><span class=\"ez-toc-section\" id=\"Eine_Geschichte_des_Untergangs%E2%80%A6\"><\/span>Eine Geschichte des Untergangs&#8230;<span class=\"ez-toc-section-end\"><\/span><\/h1>\n<p>Die M\u00f6nche des Klosters trieben ab dem 14. Jahrundert ein eher gottloses Wesen! Sie trieben immer mehr Abgaben von den Bauern ein. Zehn weitere S\u00e4cke forderte der Abt und das vor dem Winter! Die Bauern wurden erstmals sehr zornig, auch wenn der Versuch der Befreiung vom Joch in Form der &#8222;Bauernkriege&#8220; noch lange auf sich warten lassen w\u00fcrden. Dennoch w\u00fcnschten sie dem Klerus, der &#8222;Blitz m\u00f6ge sie beim Schei*** treffen!&#8220;, denn obschon der Frage, was sie denn ihren Kindern zu essen geben sollen, antwortete der Abt: &#8222;Schafsk\u00f6ttel! Mir doch egal!&#8220;<\/p>\n<p>Als w\u00e4re es g\u00f6ttliche F\u00fcgung, kam einer jungen Sch\u00e4ferin ein Einfall. Sie w\u00fcrden nicht Mehl, sondern jene Substanz, die als &#8222;Himmelsmehl&#8220; in die Geschichte eingehen wird benutzen, um die existenzbedrohenden Abgaben zu entrichten. Mehl ist Mehl, sprach der Wurm! Die Sch\u00e4ferin f\u00fchrte die Bauern zu einer Wurzelbuche, wo ein mehlartiges Verwitterungsprodukt des Gipses zu finden war. Mit diesem Produkt, dem &#8222;Himmelsmehl&#8220; wurde das Getreidemehl \u00fcppig gestreckt, so dass am Ende nicht nur die geforderten 10, sondern 11 S\u00e4cke beim Abt abgeladen wurden. Dieser freute sich nicht wirklich, meinte er doch, dass &#8222;Dieses Bauernpack ihn nur in den Ar*** kriechen wolle!&#8220; und er es diesem Gesindel schon zeigen werde, indem er 12 S\u00e4cke fordern wird!<\/p>\n<p>Dazu kam es aber nicht, denn w\u00e4hrend man im Dorfe hungerte, sich die M\u00f6nche aber am vom gestreckten Mehl gebackenem Brot \u00fcberfra\u00dfen, Met in Str\u00f6men floss, band das Himmelsmehl im Darm zum steinharten Beginde ab, wodurch der Tod aller Gebete und Abf\u00fchrversuche trotzend Gottes Gerechtigkeit auf Erden brachte.<\/p>\n<p>Es dauerte noch ein paar Jahre, bis solch Treiben die Bauern so erz\u00fcrnte, dass \u00fcber 500 Aufst\u00e4ndische das Kloster am 3.5.1525 pl\u00fcnderten. Ein Zimmermann, der Kunst der Baustatik m\u00e4chtig, wusste genau, wie man den Imposanten Bau zum Einsturz bringen konnte. Man nutze Pferdegespanne und stabile Tampen, die am Holzgewerk des Turmes zogen. Mit einem kr\u00e4ftigen Hieb durchschlug der Zimmermann den St\u00fctzbalg, was den Turm zum Einsturz brachte, ihn jedoch mit erschlug. Der eingest\u00fcrzte Turm und vor allem das riesige, fortan besch\u00e4digte Dachgew\u00f6lbe der gro\u00dfen Kirche boten keinerlei Schutz mehr vor Wind und Wetter, so dass die Kirche ab 1570 nicht mehr zu gebrauchen dem endg\u00fcltigem Verfall gewidmet war und alsbald nur noch als Steinbruch diente, was die immensen Abtragungen und Besch\u00e4digungen des einstmals stolzen Geb\u00e4udes erkl\u00e4rt. Erst 150 Jahre nach dem Andauern dieses vernichtenden Treibens, wurde das Steinbrechen 1870 verboten und konserviert, was \u00fcberhaupt noch zu retten war. Diese Reste sind heute aufbereitet und als Fragmente wieder errichtet zu bestaunen. Der Reichtum und die Gigantomanie des Kirchbaus l\u00e4sst so noch gut erahnen. Auch lassen sich noch die \u00fcber 50\u00a0 Teiche bewundern, die die M\u00f6nche einst anlegten.<\/p>\n<p>Aus den Bauernkriegen wurde \u00fcbrigens nicht viel, au\u00dfer dass am Ende um die 75.000 Menschen starben. Es wurden die &#8222;Zw\u00f6lf Artikel von Memmingen&#8220; als Forderungen verfasst, die es im Aufstand durchzusetzen galt. Darunter: Pfarrer sollen gew\u00e4hlt werden, die Freiheit des Einzelnen ist Gottes Wille, Frondienste sollen sich in Grenzen halten, R\u00fcckerstattung von Wiesen und W\u00e4ldern und Besitzrechte f\u00fcr Bauern und niedres Volk.<\/p>\n<p>Etliche Bauern wurden in Folge dieses Krieges ge\u00e4chtet und machten als Diebesbanden die W\u00e4lder unsicher. Wer die Waffe erhob wurde, da der Aufstand niedergeschlagen ward, der Reichsacht unterworfen und waren folglich vogelfrey.<\/p>\n<p>Nur in wenigen Gebieten, etwa in Speyr, hatte der Aufstand ein paar wenige, positive \u00c4nderungen f\u00fcr die Bauern zur Folge. Meistens wurden die Z\u00fcgel nur noch st\u00e4rker angezogen von jenen, die in Klerus und Adel die m\u00e4chtige Gabe der Befehlsherrschaft einfach besser bewaffneter Krieger erkauften&#8230; vom abgepressten Eigentum der Bauern, wohlgemerkt!<\/p>\n<p><img loading=\"lazy\" decoding=\"async\" class=\"aligncenter wp-image-609 size-large\" src=\"https:\/\/reppi.de\/wp-content\/uploads\/2020\/11\/image-1-683x1024.png\" alt=\"\" width=\"683\" height=\"1024\" srcset=\"https:\/\/reppi.de\/wp-content\/uploads\/2020\/11\/image-1-683x1024.png 683w, https:\/\/reppi.de\/wp-content\/uploads\/2020\/11\/image-1-200x300.png 200w, https:\/\/reppi.de\/wp-content\/uploads\/2020\/11\/image-1-768x1152.png 768w, https:\/\/reppi.de\/wp-content\/uploads\/2020\/11\/image-1-1024x1536.png 1024w, https:\/\/reppi.de\/wp-content\/uploads\/2020\/11\/image-1-1366x2048.png 1366w, https:\/\/reppi.de\/wp-content\/uploads\/2020\/11\/image-1.png 1707w\" sizes=\"(max-width: 683px) 100vw, 683px\" \/><\/p>\n<p>&nbsp;<\/p>\n<h2><span class=\"ez-toc-section\" id=\"Geschichtliches_Wie_ging_es_mit_den_Aufstaenden_weiter\"><\/span>Geschichtliches: Wie ging es mit den Aufst\u00e4nden weiter?<span class=\"ez-toc-section-end\"><\/span><\/h2>\n<p>Die Habsburger profitierten vom Niederschlagen der Bauernaufst\u00e4nde wie kaum ein anderes Geschlecht. Die Habsburger finanzierten mit Hilfe der Fugger ein immense S\u00f6ldnerheer, mit dessen Hilfe eine nie dagewesene Repression auf Basis von Steuereintreibungen losgetreten wurden. Diese Eskalation wird auch &#8222;Innere Kolonialisierung&#8220; genannt, aber die so erpressten Mittel dienten vor allem spanischen Konquistadoren zur Finanzierung des V\u00f6lkermordes in den neuen L\u00e4ndern jenseits des Atlantik. Es formierte sich die Basis des &#8222;Hammer- Kapitalismus&#8220;, Glaube und Macht wurden plutokratisch. Dies forderte die Reformation geradezu! Aber w\u00e4hrend sich Thomas M\u00fcntzer als Feldprediger auf die Seite der Unterdr\u00fcckten stellte, zog es der Reformator &#8222;him self&#8220;, Martin Luther, vor auf Seiten der Landesherren sicher zu w\u00e4hnen und vermehrt antisemitische Floskeln zu verfassen.<\/p>\n<p>Bei Frankenhausen wurde dann der Niedergang der Bergleute, Bauern und St\u00e4dter besiegelt: Die durch Fugger und Habsburger bestens bewaffneten S\u00f6ldner schlugen ein Heer von Sechstausend bei lediglich ein paar dutzend eigenen Verlusten nieder. Luther dazu: \u201eIch m\u00f6chte mich fast r\u00fchmen\u201c, schrieb Luther 1526, als das gro\u00dfe Schlachten vor\u00fcber war, \u201edass seit der Zeit der Apostel das weltliche Schwert und die Obrigkeit noch nie so deutlich beschrieben und ger\u00fchmt worden ist wie durch mich.\u201c &#8211; Alle G\u00fcter, die von den Bauern unter hohen Blutzoll den Peinigern entrissen wurden, wurden nicht zum Gemeingut umgewandelt, wie es der P\u00f6bel wollte &#8211; Nein: Evangelische Landesf\u00fcrsten konnten sich diese G\u00fcter unter R\u00fcckendeckung Martin Luthers einverleiben.<\/p>\n<p>Die Aufst\u00e4nde schelten aber weiter. Es kam die Zeit der T\u00e4ufer. Auch diese wurden solange verfolgt, bis jeder Traum auf eine gerechte, soziale Gesellschaft niedergeschlagen wurde.<\/p>\n<p>Das Kloster Walkenried wurde daraufhin evangelisch, da keiner mehr recht Lust hatte sich dem dr\u00f6gen M\u00f6nchsleben zu verschreiben und so der Nachwuchs schlicht ausblieb. Bereits fr\u00fch schickte sich das m\u00e4chtige Kloster Kaisheim bei Donauw\u00fcrth an, dass Walkenried bittesch\u00f6n katholisch zu sein hat und nur vom T\u00e4uferpack gekapert wurde.<\/p>\n<p>Es dauerte dann noch bis 1618, bis die dunkelste Zeit der europ\u00e4ischen Geschichte mit dem Prager Fenstersturz jede Menschlichkeit f\u00fcr 30 Jahre beiseite schob: Der drei\u00dfigj\u00e4hrige Krieg, an dessen Ende es keine Gewinner gab, nur verbrannte Erde und noch schw\u00e4rzere Seelen. 1619 war es Kaiser Ferdinand, der die Rekatholisierung des immer sehr einflussreichen Klosters Walkenried forderte und so Walkenried in das Gemetzel jenes Krieges recht fr\u00fch hinein zog mittels &#8222;Restitutionserlass&#8220;. Als Gustav Adolf, der Schwedische K\u00f6nig, jedoch den Sieg der Katholiken 1631 bei Breitenfeld erfolgreich verhinderte, war es dann endg\u00fcltig Essig mit den W\u00fcnschen der katholischen Liga aus Walkrenried wieder ein katholisches Kloster zu machen. Aber der abziehende katholische Konvent pl\u00fcnderte das Kloster nochmal ordentlich und nahm u.A. den &#8222;Walkenrieder Altar&#8220; aus der D\u00fcrer-Zeit, der sich heute in der Nationalgalerie Prags wiederfindet. Es handelt sich um eine Passionsaltar aus 41 Tafeln, der 1499 im Auftrag der Pauliner G\u00f6ttingens von Hans Raphon erschaffen wurde.<\/p>\n<p>Aber die Alleinherrschaft der katholischen Kirche galt nach dem Westf\u00e4lischen Frieden als beendet. Der keimende Zwist zwischen Habsburgern und Hohenzollern entlud sich und wendete das Blatt zugunsten Preu\u00dfens und der Hohenzoller. Es wurde die reformierte Religion als gleichberechtigt im Reich aufgenommen. Diese Zeit gilt als kleiner Funke, der ab 1720 die Epoche der Aufkl\u00e4rung einleiten sollte, die sich ab 1700 unaufhaltsam Bahn brach.Unter Herrschaft der Hohenzoller legten manch Reformen den Grundstein zur Demokratie und Freiheit, wie wir sie heute kennen. Ma\u00dfgeblich beteiligt: Friedrich der Gro\u00dfe, oder auch der &#8222;Alte Fritz&#8220; genannt. Toleranz und Offenheit waren nat\u00fcrlich nicht ganz uneigenn\u00fctzig. 1756 bis 63 kam es dann nach zwei Schlesischen Kriegen zum Siebenj\u00e4hrigen Krieg, einem der letzten &#8222;Kabinettskriege&#8220;, an dessen Ende fast 600.000 get\u00f6tete Menschen standen. Es handelte sich um den ersten, globalen Krieg, der neben Indien, Nord- und S\u00fcdamerika auch alle Weltmeere umfasste und mit Nichten nur eine Auseinandersetzung war, sondern vielmehr ein sich Entladen zahlreicher Konflikte.<\/p>\n<p>Am Ende legte der Siebenj\u00e4hrige Krieg auch den Grundstein f\u00fcr den Amerikanischen B\u00fcrgerkrieg, da sich der britisch- franz\u00f6sische Gegensatz nat\u00fcrlich auch in den jeweiligen Kolonien widerspiegelte.<\/p>\n","protected":false},"excerpt":{"rendered":"<p>&nbsp; Das einstige Zisterzienserkloster Walkenried geh\u00f6rt seit 2010 zu den UNESCO Weltkulturerbest\u00e4tten im Harz und reiht sich so in die Liste hinter dem Bergwerk Rammelsberg, sowie der Altstadt von Goslar und dem Oberharzer Wasserregal ein. Bedauerlicherweise erhielt diese doch recht bedeutende St\u00e4tte keinen permanenten Stempel der Harzer Wandernadel. Ein Besuch lohnt nat\u00fcrlich dennoch! Das Kloster&#8230;<\/p>\n","protected":false},"author":2,"featured_media":0,"comment_status":"open","ping_status":"open","sticky":false,"template":"","format":"standard","meta":{"_kadence_starter_templates_imported_post":false,"_kad_post_transparent":"","_kad_post_title":"","_kad_post_layout":"","_kad_post_sidebar_id":"","_kad_post_content_style":"","_kad_post_vertical_padding":"","_kad_post_feature":"","_kad_post_feature_position":"","_kad_post_header":false,"_kad_post_footer":false,"_kad_post_classname":"","footnotes":""},"categories":[16,13,15],"tags":[],"class_list":["post-553","post","type-post","status-publish","format-standard","hentry","category-der-harz","category-wandern","category-wanderndeutsch"],"_links":{"self":[{"href":"https:\/\/reppi.de\/index.php?rest_route=\/wp\/v2\/posts\/553"}],"collection":[{"href":"https:\/\/reppi.de\/index.php?rest_route=\/wp\/v2\/posts"}],"about":[{"href":"https:\/\/reppi.de\/index.php?rest_route=\/wp\/v2\/types\/post"}],"author":[{"embeddable":true,"href":"https:\/\/reppi.de\/index.php?rest_route=\/wp\/v2\/users\/2"}],"replies":[{"embeddable":true,"href":"https:\/\/reppi.de\/index.php?rest_route=%2Fwp%2Fv2%2Fcomments&post=553"}],"version-history":[{"count":4,"href":"https:\/\/reppi.de\/index.php?rest_route=\/wp\/v2\/posts\/553\/revisions"}],"predecessor-version":[{"id":611,"href":"https:\/\/reppi.de\/index.php?rest_route=\/wp\/v2\/posts\/553\/revisions\/611"}],"wp:attachment":[{"href":"https:\/\/reppi.de\/index.php?rest_route=%2Fwp%2Fv2%2Fmedia&parent=553"}],"wp:term":[{"taxonomy":"category","embeddable":true,"href":"https:\/\/reppi.de\/index.php?rest_route=%2Fwp%2Fv2%2Fcategories&post=553"},{"taxonomy":"post_tag","embeddable":true,"href":"https:\/\/reppi.de\/index.php?rest_route=%2Fwp%2Fv2%2Ftags&post=553"}],"curies":[{"name":"wp","href":"https:\/\/api.w.org\/{rel}","templated":true}]}}